{"id":149,"date":"2022-04-23T16:16:58","date_gmt":"2022-04-23T16:16:58","guid":{"rendered":"https:\/\/traveltheworldpages.com\/es\/?p=149"},"modified":"2022-04-23T16:26:15","modified_gmt":"2022-04-23T16:26:15","slug":"que-ver-en-marrakech","status":"publish","type":"post","link":"https:\/\/traveltheworldpages.com\/es\/que-ver-en-marrakech\/","title":{"rendered":"\u00bfQu\u00e9 ver en Marrakech?"},"content":{"rendered":"\n<p>Un laberinto hipn\u00f3tico de peque\u00f1os pasadizos y calles en la vieja Medina, culminando en la agitada plaza de Djemma el Fna te dejar\u00e1n hechizado con esta bella ciudad. Marrakech es sin duda una ciudad m\u00e1gica que recomiendo ver a un paso lento y saboreando cada instante. Si est\u00e1s pregunt\u00e1ndote que ver en Marrakech has venido al sitio correcto.<\/p>\n\n\n\n<p>Marrakech es la cuarta ciudad m\u00e1s grande de Marruecos. Se le suele llamar \u201cla ciudad roja\u201d por el color rosa salm\u00f3n de sus edificios que reflejan la luz solar con una suave tonalidad roja muy agradable para la vista.<\/p>\n\n\n\n<p>La ciudad est\u00e1 dividida en dos. \u201cLa vieja Medina\u201d y la ciudad moderna y habitan en ella un mill\u00f3n de personas aproximadamente.<\/p>\n\n\n\n<p>Marrakech emana una cierta energ\u00eda creadora que ha estado atrayendo artistas y creadores durante siglos. Mi experiencia personal fue que durante mi primera visita a Marrakech tuve la idea de comenzar este blog de viajes.<\/p>\n\n\n\n<p><a href=\"#que-ver-en-marrakech-y-donde-quedarse\">Qu\u00e9 ver en Marrakech Marrakech: D\u00f3nde quedarse<\/a><\/p>\n\n\n\n<p><a href=\"#marrakech-consejos\">Marrakech consejos<\/a><\/p>\n\n\n\n<p><a href=\"#saborea-marrakech-en-la-plaza-djemaa-en-fna\">Saborea Marrakech en la plaza Djemaa en Fna<\/a><\/p>\n\n\n\n<p><a href=\"#visitar-las-tumas-saadies\">Visita las tumbas Saad\u00edes<\/a><\/p>\n\n\n\n<p><a href=\"#pasea-por-mellah-el-barrio-jud\u00edo-de-Marrakech\">Pasea por Mellah ( el barrio jud\u00edo )<\/a><\/p>\n\n\n\n<p><a href=\"#Miara-cementerio-jud\u00edo-de-Marrakech\">Medita en el cementerio jud\u00edo en Marrakech, Miara<\/a><\/p>\n\n\n\n<p><a href=\"#pi\u00e9rdete-en-los-jardines-de-Mayorelle\">Pi\u00e9rdete en las tonalidades verdes y azules del jard\u00edn Mayorelle<\/a><\/p>\n\n\n\n<p><a href=\"#Camina-alrededor-de-la-mezquita-koutoubia\">Camina alrededor de la mezquita Koutoubia<\/a><\/p>\n\n\n\n<p><a href=\"#disfruta-del-palacio-bah\u00eda\">Disfruta el palacio Bahia<\/a><\/p>\n\n\n\n<p><a href=\"#Explora-el-palacio-Badi\">Explora el palacio Badi<\/a><\/p>\n\n\n\n<p><a href=\"#cena-con-espect\u00e1culo-Bereber-en-Marrakech\">Cena disfrutando del un espect\u00e1culo Bereber<\/a><\/p>\n\n\n\n<p><a href=\"#visita-las-curtidur\u00edas-de-Marrakech\">Visita las curtidor\u00edas en Marrakech<\/a><\/p>\n\n\n\n<p><a href=\"#excursi\u00f3n-de-un-d\u00eda-a-la-cordillera-del-Atlas\">Haz una excursi\u00f3n de un d\u00eda a las monta\u00f1as del Atlas<\/a><\/p>\n\n\n\n<p><a href=\"#jard\u00edn-secreto-de-Marrakech\">Relajate en el jard\u00edn secreto de Marrakech<\/a><\/p>\n\n\n\n<p><a href=\"#compra-en-la-Median-y-v\u00edstete-de-marroqu\u00ed\">Vete de compras por la medina y v\u00edstete como un lugare\u00f1o<\/a><\/p>\n\n\n\n<p><a href=\"#prueba-el-haman-tradicional-combinado-con-un-masaje\">Toma un Hammam tradicional combinado con un masaje<\/a><\/p>\n\n\n\n<p><a href=\"#ale-ben-youssef-madrasa-marrakech\">Aprende algo de historia en Ale Ben Youssef Madrasa<\/a><\/p>\n\n\n\n<h3 class=\"wp-block-heading\" id=\"que-ver-en-marrakech-y-donde-quedarse\"><span class=\"ez-toc-section\" id=\"%C2%BF_Que_ver_en_Marrakech\"><\/span><strong>\u00bf Qu\u00e9 ver en Marrakech ?<\/strong><span class=\"ez-toc-section-end\"><\/span><\/h3><div id=\"ez-toc-container\" class=\"ez-toc-v2_0_82_2 counter-hierarchy ez-toc-counter ez-toc-grey ez-toc-container-direction\">\n<div class=\"ez-toc-title-container\">\n<p class=\"ez-toc-title\" style=\"cursor:inherit\">Table of Contents<\/p>\n<span class=\"ez-toc-title-toggle\"><a href=\"#\" class=\"ez-toc-pull-right ez-toc-btn ez-toc-btn-xs ez-toc-btn-default ez-toc-toggle\" aria-label=\"Toggle Table of Content\"><span class=\"ez-toc-js-icon-con\"><span class=\"\"><span class=\"eztoc-hide\" style=\"display:none;\">Toggle<\/span><span class=\"ez-toc-icon-toggle-span\"><svg style=\"fill: #999;color:#999\" xmlns=\"http:\/\/www.w3.org\/2000\/svg\" class=\"list-377408\" width=\"20px\" height=\"20px\" viewBox=\"0 0 24 24\" fill=\"none\"><path d=\"M6 6H4v2h2V6zm14 0H8v2h12V6zM4 11h2v2H4v-2zm16 0H8v2h12v-2zM4 16h2v2H4v-2zm16 0H8v2h12v-2z\" fill=\"currentColor\"><\/path><\/svg><svg style=\"fill: #999;color:#999\" class=\"arrow-unsorted-368013\" xmlns=\"http:\/\/www.w3.org\/2000\/svg\" width=\"10px\" height=\"10px\" viewBox=\"0 0 24 24\" version=\"1.2\" baseProfile=\"tiny\"><path d=\"M18.2 9.3l-6.2-6.3-6.2 6.3c-.2.2-.3.4-.3.7s.1.5.3.7c.2.2.4.3.7.3h11c.3 0 .5-.1.7-.3.2-.2.3-.5.3-.7s-.1-.5-.3-.7zM5.8 14.7l6.2 6.3 6.2-6.3c.2-.2.3-.5.3-.7s-.1-.5-.3-.7c-.2-.2-.4-.3-.7-.3h-11c-.3 0-.5.1-.7.3-.2.2-.3.5-.3.7s.1.5.3.7z\"\/><\/svg><\/span><\/span><\/span><\/a><\/span><\/div>\n<nav><ul class='ez-toc-list ez-toc-list-level-1 ' ><li class='ez-toc-page-1 ez-toc-heading-level-3'><a class=\"ez-toc-link ez-toc-heading-1\" href=\"https:\/\/traveltheworldpages.com\/es\/que-ver-en-marrakech\/#%C2%BF_Que_ver_en_Marrakech\" >\u00bf Qu\u00e9 ver en Marrakech ?<\/a><\/li><li class='ez-toc-page-1 ez-toc-heading-level-3'><a class=\"ez-toc-link ez-toc-heading-2\" href=\"https:\/\/traveltheworldpages.com\/es\/que-ver-en-marrakech\/#Marrakech_consejos\" >Marrakech consejos<\/a><\/li><li class='ez-toc-page-1 ez-toc-heading-level-3'><a class=\"ez-toc-link ez-toc-heading-3\" href=\"https:\/\/traveltheworldpages.com\/es\/que-ver-en-marrakech\/#Saborea_Marrakech_en_la_plaza_Djemaa_en_Fna\" >Saborea Marrakech en la plaza Djemaa en Fna<\/a><\/li><li class='ez-toc-page-1 ez-toc-heading-level-3'><a class=\"ez-toc-link ez-toc-heading-4\" href=\"https:\/\/traveltheworldpages.com\/es\/que-ver-en-marrakech\/#Visita_las_tumbas_saadies\" >Visita las tumbas saad\u00edes.<\/a><\/li><li class='ez-toc-page-1 ez-toc-heading-level-3'><a class=\"ez-toc-link ez-toc-heading-5\" href=\"https:\/\/traveltheworldpages.com\/es\/que-ver-en-marrakech\/#Pasea_por_Mellah_el_barrio_judio\" >Pasea por Mellah ( el barrio jud\u00edo )<\/a><\/li><li class='ez-toc-page-1 ez-toc-heading-level-3'><a class=\"ez-toc-link ez-toc-heading-6\" href=\"https:\/\/traveltheworldpages.com\/es\/que-ver-en-marrakech\/#Medita_en_el_cementerio_judio_de_Marrakech_Miara\" >Medita en el cementerio jud\u00edo de Marrakech, Miara<\/a><\/li><li class='ez-toc-page-1 ez-toc-heading-level-3'><a class=\"ez-toc-link ez-toc-heading-7\" href=\"https:\/\/traveltheworldpages.com\/es\/que-ver-en-marrakech\/#Pierdete_en_las_tonalidades_verdes_y_azules_del_jardin_Mayorelle\" >Pi\u00e9rdete en las tonalidades verdes y azules del jard\u00edn Mayorelle<\/a><\/li><li class='ez-toc-page-1 ez-toc-heading-level-3'><a class=\"ez-toc-link ez-toc-heading-8\" href=\"https:\/\/traveltheworldpages.com\/es\/que-ver-en-marrakech\/#Camina_alrededor_de_la_mezquita_Koutoubia\" >Camina alrededor de la mezquita Koutoubia<\/a><\/li><li class='ez-toc-page-1 ez-toc-heading-level-3'><a class=\"ez-toc-link ez-toc-heading-9\" href=\"https:\/\/traveltheworldpages.com\/es\/que-ver-en-marrakech\/#Disfruta_el_palacio_Bahia\" >Disfruta el palacio Bah\u00eda<\/a><\/li><li class='ez-toc-page-1 ez-toc-heading-level-3'><a class=\"ez-toc-link ez-toc-heading-10\" href=\"https:\/\/traveltheworldpages.com\/es\/que-ver-en-marrakech\/#Explora_el_palacio_Badi\" >Explora el palacio Badi<\/a><\/li><li class='ez-toc-page-1 ez-toc-heading-level-3'><a class=\"ez-toc-link ez-toc-heading-11\" href=\"https:\/\/traveltheworldpages.com\/es\/que-ver-en-marrakech\/#Cena_disfrutando_del_un_espectaculo_Bereber\" >Cena disfrutando del un espect\u00e1culo Bereber<\/a><\/li><li class='ez-toc-page-1 ez-toc-heading-level-3'><a class=\"ez-toc-link ez-toc-heading-12\" href=\"https:\/\/traveltheworldpages.com\/es\/que-ver-en-marrakech\/#Visita_las_curtidurias_de_Marrakech\" >Visita las curtidur\u00edas de Marrakech<\/a><\/li><li class='ez-toc-page-1 ez-toc-heading-level-3'><a class=\"ez-toc-link ez-toc-heading-13\" href=\"https:\/\/traveltheworldpages.com\/es\/que-ver-en-marrakech\/#Haz_una_excursion_de_un_dia_a_las_montanas_del_Atlas\" >Haz una excursi\u00f3n de un d\u00eda a las monta\u00f1as del Atlas<\/a><\/li><li class='ez-toc-page-1 ez-toc-heading-level-3'><a class=\"ez-toc-link ez-toc-heading-14\" href=\"https:\/\/traveltheworldpages.com\/es\/que-ver-en-marrakech\/#Relajate_en_el_jardin_secreto_de_Marrakech\" >Rel\u00e1jate en el jard\u00edn secreto de Marrakech<\/a><\/li><li class='ez-toc-page-1 ez-toc-heading-level-3'><a class=\"ez-toc-link ez-toc-heading-15\" href=\"https:\/\/traveltheworldpages.com\/es\/que-ver-en-marrakech\/#Compra_en_la_Medina_y_vistete_de_marroqui\" >Compra en la Medina y v\u00edstete de marroqu\u00ed<\/a><\/li><li class='ez-toc-page-1 ez-toc-heading-level-3'><a class=\"ez-toc-link ez-toc-heading-16\" href=\"https:\/\/traveltheworldpages.com\/es\/que-ver-en-marrakech\/#Date_un_homenaje_y_prueba_el_Haman_tradicional_combinado_con_un_masaje\" >Date un homenaje y prueba el Haman tradicional combinado con un masaje.<\/a><\/li><li class='ez-toc-page-1 ez-toc-heading-level-3'><a class=\"ez-toc-link ez-toc-heading-17\" href=\"https:\/\/traveltheworldpages.com\/es\/que-ver-en-marrakech\/#Aprende_algo_de_historia_Ale_Ben_Youssef_Madrasa\" >Aprende algo de historia Ale Ben Youssef Madrasa<\/a><\/li><\/ul><\/nav><\/div>\n\n\n\n\n<p>\u00bf Cu\u00e1nto tiempo pasar en Marrakech ? \u00bfEs una semana en Marrakech mucho tiempo? Si est\u00e1s leyendo este art\u00edculo te est\u00e1s probablemente preguntando esto y la respuesta es:- No, una semana en Marrakech no es demasiado tiempo. Hay mucho que ver en Marrakech. Una semana es suficiente y la ciudad tiene tanto encanto que probablemente te deje con ganas de m\u00e1s.<\/p>\n\n\n\n<p>Mucha gente decide sin embargo pasar all\u00ed s\u00f3lo un fin de semana largo y esto no es una mala elecci\u00f3n si no tienes mucho tiempo disponible. Pero mi recomendaci\u00f3n es pasar m\u00ednimo una semana explorando Marrakech.<\/p>\n\n\n\n<figure class=\"wp-block-image size-large\"><img data-recalc-dims=\"1\" loading=\"lazy\" decoding=\"async\" width=\"1024\" height=\"683\" src=\"https:\/\/i0.wp.com\/traveltheworldpages.com\/es\/wp-content\/uploads\/2022\/04\/Vendedores-ambulantes-en-la-plaza-principal-de-Marrakech.jpg?resize=1024%2C683&#038;ssl=1\" alt=\"Vendedores ambulantes en la plaza principal en el centro de Marrakech\" class=\"wp-image-185\" srcset=\"https:\/\/i0.wp.com\/traveltheworldpages.com\/es\/wp-content\/uploads\/2022\/04\/Vendedores-ambulantes-en-la-plaza-principal-de-Marrakech.jpg?resize=1024%2C683&amp;ssl=1 1024w, https:\/\/i0.wp.com\/traveltheworldpages.com\/es\/wp-content\/uploads\/2022\/04\/Vendedores-ambulantes-en-la-plaza-principal-de-Marrakech.jpg?resize=300%2C200&amp;ssl=1 300w, https:\/\/i0.wp.com\/traveltheworldpages.com\/es\/wp-content\/uploads\/2022\/04\/Vendedores-ambulantes-en-la-plaza-principal-de-Marrakech.jpg?resize=768%2C512&amp;ssl=1 768w, https:\/\/i0.wp.com\/traveltheworldpages.com\/es\/wp-content\/uploads\/2022\/04\/Vendedores-ambulantes-en-la-plaza-principal-de-Marrakech.jpg?resize=1536%2C1024&amp;ssl=1 1536w, https:\/\/i0.wp.com\/traveltheworldpages.com\/es\/wp-content\/uploads\/2022\/04\/Vendedores-ambulantes-en-la-plaza-principal-de-Marrakech.jpg?resize=1920%2C1280&amp;ssl=1 1920w, https:\/\/i0.wp.com\/traveltheworldpages.com\/es\/wp-content\/uploads\/2022\/04\/Vendedores-ambulantes-en-la-plaza-principal-de-Marrakech.jpg?resize=600%2C400&amp;ssl=1 600w, https:\/\/i0.wp.com\/traveltheworldpages.com\/es\/wp-content\/uploads\/2022\/04\/Vendedores-ambulantes-en-la-plaza-principal-de-Marrakech.jpg?resize=800%2C533&amp;ssl=1 800w, https:\/\/i0.wp.com\/traveltheworldpages.com\/es\/wp-content\/uploads\/2022\/04\/Vendedores-ambulantes-en-la-plaza-principal-de-Marrakech.jpg?resize=227%2C152&amp;ssl=1 227w, https:\/\/i0.wp.com\/traveltheworldpages.com\/es\/wp-content\/uploads\/2022\/04\/Vendedores-ambulantes-en-la-plaza-principal-de-Marrakech.jpg?resize=143%2C96&amp;ssl=1 143w, https:\/\/i0.wp.com\/traveltheworldpages.com\/es\/wp-content\/uploads\/2022\/04\/Vendedores-ambulantes-en-la-plaza-principal-de-Marrakech.jpg?resize=585%2C390&amp;ssl=1 585w, https:\/\/i0.wp.com\/traveltheworldpages.com\/es\/wp-content\/uploads\/2022\/04\/Vendedores-ambulantes-en-la-plaza-principal-de-Marrakech.jpg?resize=385%2C257&amp;ssl=1 385w, https:\/\/i0.wp.com\/traveltheworldpages.com\/es\/wp-content\/uploads\/2022\/04\/Vendedores-ambulantes-en-la-plaza-principal-de-Marrakech.jpg?w=2048&amp;ssl=1 2048w\" sizes=\"auto, (max-width: 1024px) 100vw, 1024px\" \/><figcaption>Vendedores ambulantes en la plaza Djemaa el-Fnaa square<\/figcaption><\/figure>\n\n\n\n<p><\/p>\n\n\n\n<p><strong>Marrakech: \u00bf D\u00f3nde quedarse ?<\/strong><\/p>\n\n\n\n<p>Si quieres tener una experience aut\u00e9ntica y marroqu\u00ed te recomiendo quedarte dentro de la \u201cantigua Medina\u201d. De est\u00e1 forma estar\u00e1s cerca de las mayores atracciones que ver en Marrakech y podras visitar y disfutar de un gran n\u00famero de \u201csouks\u201d, mercados.<\/p>\n\n\n\n<figure class=\"wp-block-image size-large\"><img data-recalc-dims=\"1\" loading=\"lazy\" decoding=\"async\" width=\"1024\" height=\"683\" src=\"https:\/\/i0.wp.com\/traveltheworldpages.com\/es\/wp-content\/uploads\/2022\/04\/Pilar-en-un-Riad-en-Marrakech-con-una-piscina.jpg?resize=1024%2C683&#038;ssl=1\" alt=\"Pilar en un Riad en las afueras de la medina antigua en Marrakech\" class=\"wp-image-177\" srcset=\"https:\/\/i0.wp.com\/traveltheworldpages.com\/es\/wp-content\/uploads\/2022\/04\/Pilar-en-un-Riad-en-Marrakech-con-una-piscina.jpg?resize=1024%2C683&amp;ssl=1 1024w, https:\/\/i0.wp.com\/traveltheworldpages.com\/es\/wp-content\/uploads\/2022\/04\/Pilar-en-un-Riad-en-Marrakech-con-una-piscina.jpg?resize=300%2C200&amp;ssl=1 300w, https:\/\/i0.wp.com\/traveltheworldpages.com\/es\/wp-content\/uploads\/2022\/04\/Pilar-en-un-Riad-en-Marrakech-con-una-piscina.jpg?resize=768%2C512&amp;ssl=1 768w, https:\/\/i0.wp.com\/traveltheworldpages.com\/es\/wp-content\/uploads\/2022\/04\/Pilar-en-un-Riad-en-Marrakech-con-una-piscina.jpg?resize=1536%2C1024&amp;ssl=1 1536w, https:\/\/i0.wp.com\/traveltheworldpages.com\/es\/wp-content\/uploads\/2022\/04\/Pilar-en-un-Riad-en-Marrakech-con-una-piscina.jpg?resize=1920%2C1280&amp;ssl=1 1920w, https:\/\/i0.wp.com\/traveltheworldpages.com\/es\/wp-content\/uploads\/2022\/04\/Pilar-en-un-Riad-en-Marrakech-con-una-piscina.jpg?resize=600%2C400&amp;ssl=1 600w, https:\/\/i0.wp.com\/traveltheworldpages.com\/es\/wp-content\/uploads\/2022\/04\/Pilar-en-un-Riad-en-Marrakech-con-una-piscina.jpg?resize=800%2C533&amp;ssl=1 800w, https:\/\/i0.wp.com\/traveltheworldpages.com\/es\/wp-content\/uploads\/2022\/04\/Pilar-en-un-Riad-en-Marrakech-con-una-piscina.jpg?resize=227%2C152&amp;ssl=1 227w, https:\/\/i0.wp.com\/traveltheworldpages.com\/es\/wp-content\/uploads\/2022\/04\/Pilar-en-un-Riad-en-Marrakech-con-una-piscina.jpg?resize=143%2C96&amp;ssl=1 143w, https:\/\/i0.wp.com\/traveltheworldpages.com\/es\/wp-content\/uploads\/2022\/04\/Pilar-en-un-Riad-en-Marrakech-con-una-piscina.jpg?resize=585%2C390&amp;ssl=1 585w, https:\/\/i0.wp.com\/traveltheworldpages.com\/es\/wp-content\/uploads\/2022\/04\/Pilar-en-un-Riad-en-Marrakech-con-una-piscina.jpg?resize=385%2C257&amp;ssl=1 385w, https:\/\/i0.wp.com\/traveltheworldpages.com\/es\/wp-content\/uploads\/2022\/04\/Pilar-en-un-Riad-en-Marrakech-con-una-piscina.jpg?w=2048&amp;ssl=1 2048w\" sizes=\"auto, (max-width: 1024px) 100vw, 1024px\" \/><figcaption>Pilar en el patio de un \u201criad\u201d con piscina<\/figcaption><\/figure>\n\n\n\n<p><\/p>\n\n\n\n<p>Tu visita a Marrakech no ser\u00e1 completa a no ser que pases por lo menos un par de noches en un \u201criad\u201d.<\/p>\n\n\n\n<p>Un \u201criad\u201d es un edificio marroqu\u00ed tradicional construido en torno a un patio y jard\u00edn central. Suelen tener una fuente central y algunos de ellos una peque\u00f1a piscina donde puedes relajarte.<\/p>\n\n\n\n<p>Pasa algo de tiempo disfrutando de tu \u201criad\u201d y del estilo de vida lento y relajado de Marruecos.<\/p>\n\n\n\n<h3 class=\"wp-block-heading\" id=\"marrakech-consejos\"><span class=\"ez-toc-section\" id=\"Marrakech_consejos\"><\/span><strong>Marrakech consejos<\/strong><span class=\"ez-toc-section-end\"><\/span><\/h3>\n\n\n\n<p>Marrakech es una ciudad muy segura y hay muchas c\u00e1maras de seguridad en la \u201cantigua Medina\u201d que garantizan tu seguridad. Pero siendo como es una cultura radicalmente distinta hay ciertas cosas que deben tenerse en cuenta.<\/p>\n\n\n\n<p>Cuando preguntes a alguien como llegar a un sitio si te ofrecen caminar contigo pregunta si te van a cobrar por ello. Es una pr\u00e1ctica com\u00fan que alguien te acompa\u00f1e cuando preguntas por la direcci\u00f3n de un sitio y pedir dinero al final. Para evitar malentendidos negocia desde el principio.<\/p>\n\n\n\n<p>Viste con modestia: Marruecos es un pa\u00eds isl\u00e1mico y aunque durante el Verano veas a gente caminando con pantalones cortos y camisetas de tirantes es recomendable cubrirse las piernas y los hombros. Puedes comprar algo de ropa t\u00edpica ( es muy barata ) y vestirte como ellos. Recuerdo el recepcionista de mi \u201criad\u201d dici\u00e9ndome :- Me gustas mas ahora incluso que llevas este vestido.<\/p>\n\n\n\n<figure class=\"wp-block-image size-large\"><img data-recalc-dims=\"1\" loading=\"lazy\" decoding=\"async\" width=\"1024\" height=\"683\" src=\"https:\/\/i0.wp.com\/traveltheworldpages.com\/es\/wp-content\/uploads\/2022\/04\/Pilar-en-el-Riad-Hannah-en-Marrakech.jpg?resize=1024%2C683&#038;ssl=1\" alt=\"Pilar en el Riad Hannah en Marrakech\" class=\"wp-image-174\" srcset=\"https:\/\/i0.wp.com\/traveltheworldpages.com\/es\/wp-content\/uploads\/2022\/04\/Pilar-en-el-Riad-Hannah-en-Marrakech.jpg?resize=1024%2C683&amp;ssl=1 1024w, https:\/\/i0.wp.com\/traveltheworldpages.com\/es\/wp-content\/uploads\/2022\/04\/Pilar-en-el-Riad-Hannah-en-Marrakech.jpg?resize=300%2C200&amp;ssl=1 300w, https:\/\/i0.wp.com\/traveltheworldpages.com\/es\/wp-content\/uploads\/2022\/04\/Pilar-en-el-Riad-Hannah-en-Marrakech.jpg?resize=768%2C512&amp;ssl=1 768w, https:\/\/i0.wp.com\/traveltheworldpages.com\/es\/wp-content\/uploads\/2022\/04\/Pilar-en-el-Riad-Hannah-en-Marrakech.jpg?resize=1536%2C1024&amp;ssl=1 1536w, https:\/\/i0.wp.com\/traveltheworldpages.com\/es\/wp-content\/uploads\/2022\/04\/Pilar-en-el-Riad-Hannah-en-Marrakech.jpg?resize=1920%2C1280&amp;ssl=1 1920w, https:\/\/i0.wp.com\/traveltheworldpages.com\/es\/wp-content\/uploads\/2022\/04\/Pilar-en-el-Riad-Hannah-en-Marrakech.jpg?resize=600%2C400&amp;ssl=1 600w, https:\/\/i0.wp.com\/traveltheworldpages.com\/es\/wp-content\/uploads\/2022\/04\/Pilar-en-el-Riad-Hannah-en-Marrakech.jpg?resize=800%2C533&amp;ssl=1 800w, https:\/\/i0.wp.com\/traveltheworldpages.com\/es\/wp-content\/uploads\/2022\/04\/Pilar-en-el-Riad-Hannah-en-Marrakech.jpg?resize=227%2C152&amp;ssl=1 227w, https:\/\/i0.wp.com\/traveltheworldpages.com\/es\/wp-content\/uploads\/2022\/04\/Pilar-en-el-Riad-Hannah-en-Marrakech.jpg?resize=143%2C96&amp;ssl=1 143w, https:\/\/i0.wp.com\/traveltheworldpages.com\/es\/wp-content\/uploads\/2022\/04\/Pilar-en-el-Riad-Hannah-en-Marrakech.jpg?resize=585%2C390&amp;ssl=1 585w, https:\/\/i0.wp.com\/traveltheworldpages.com\/es\/wp-content\/uploads\/2022\/04\/Pilar-en-el-Riad-Hannah-en-Marrakech.jpg?resize=385%2C257&amp;ssl=1 385w, https:\/\/i0.wp.com\/traveltheworldpages.com\/es\/wp-content\/uploads\/2022\/04\/Pilar-en-el-Riad-Hannah-en-Marrakech.jpg?w=2048&amp;ssl=1 2048w\" sizes=\"auto, (max-width: 1024px) 100vw, 1024px\" \/><figcaption>Pilar con un vestido marroqu\u00ed<\/figcaption><\/figure>\n\n\n\n<p><\/p>\n\n\n\n<p>Los vendedores esperan que regatees as\u00ed que te pedir\u00e1n de primeras un precio m\u00e1s alto de que esperan que pagues.<\/p>\n\n\n\n<p>Pido permiso cuando saques fotos de alguien, ya que a algunas personas no les gusta estar en fotos de turistas.<\/p>\n\n\n\n<h3 class=\"wp-block-heading\" id=\"saborea-marrakech-en-la-plaza-djemaa-en-fna\"><span class=\"ez-toc-section\" id=\"Saborea_Marrakech_en_la_plaza_Djemaa_en_Fna\"><\/span><strong>Saborea Marrakech en la plaza Djemaa en Fna<\/strong><span class=\"ez-toc-section-end\"><\/span><\/h3>\n\n\n\n<p>Esta bulliciosa plaza est\u00e1 llena de encantadores de serpientes, bailarines tiendas de comida callejera.<\/p>\n\n\n\n<p>Es perfecto para ver la puesta de Sol y pasar las primeras horas de la noche. Hay muchos restaurantes desde donde puedes ver la puesta de Sol sobre la plaza con la silueta de la mezquita \u201cKoutoubia\u201d en el fondo.<\/p>\n\n\n\n<figure class=\"wp-block-image size-large\"><img data-recalc-dims=\"1\" loading=\"lazy\" decoding=\"async\" width=\"1024\" height=\"683\" src=\"https:\/\/i0.wp.com\/traveltheworldpages.com\/es\/wp-content\/uploads\/2022\/04\/Pilar-besando-una-serpiente-en-Marrakech.jpg?resize=1024%2C683&#038;ssl=1\" alt=\"Pilar besando una serpiente con los encantadores de serpientes\" class=\"wp-image-172\" srcset=\"https:\/\/i0.wp.com\/traveltheworldpages.com\/es\/wp-content\/uploads\/2022\/04\/Pilar-besando-una-serpiente-en-Marrakech.jpg?resize=1024%2C683&amp;ssl=1 1024w, https:\/\/i0.wp.com\/traveltheworldpages.com\/es\/wp-content\/uploads\/2022\/04\/Pilar-besando-una-serpiente-en-Marrakech.jpg?resize=300%2C200&amp;ssl=1 300w, https:\/\/i0.wp.com\/traveltheworldpages.com\/es\/wp-content\/uploads\/2022\/04\/Pilar-besando-una-serpiente-en-Marrakech.jpg?resize=768%2C512&amp;ssl=1 768w, https:\/\/i0.wp.com\/traveltheworldpages.com\/es\/wp-content\/uploads\/2022\/04\/Pilar-besando-una-serpiente-en-Marrakech.jpg?resize=1536%2C1024&amp;ssl=1 1536w, https:\/\/i0.wp.com\/traveltheworldpages.com\/es\/wp-content\/uploads\/2022\/04\/Pilar-besando-una-serpiente-en-Marrakech.jpg?resize=1920%2C1280&amp;ssl=1 1920w, https:\/\/i0.wp.com\/traveltheworldpages.com\/es\/wp-content\/uploads\/2022\/04\/Pilar-besando-una-serpiente-en-Marrakech.jpg?resize=600%2C400&amp;ssl=1 600w, https:\/\/i0.wp.com\/traveltheworldpages.com\/es\/wp-content\/uploads\/2022\/04\/Pilar-besando-una-serpiente-en-Marrakech.jpg?resize=800%2C533&amp;ssl=1 800w, https:\/\/i0.wp.com\/traveltheworldpages.com\/es\/wp-content\/uploads\/2022\/04\/Pilar-besando-una-serpiente-en-Marrakech.jpg?resize=227%2C152&amp;ssl=1 227w, https:\/\/i0.wp.com\/traveltheworldpages.com\/es\/wp-content\/uploads\/2022\/04\/Pilar-besando-una-serpiente-en-Marrakech.jpg?resize=143%2C96&amp;ssl=1 143w, https:\/\/i0.wp.com\/traveltheworldpages.com\/es\/wp-content\/uploads\/2022\/04\/Pilar-besando-una-serpiente-en-Marrakech.jpg?resize=585%2C390&amp;ssl=1 585w, https:\/\/i0.wp.com\/traveltheworldpages.com\/es\/wp-content\/uploads\/2022\/04\/Pilar-besando-una-serpiente-en-Marrakech.jpg?resize=385%2C257&amp;ssl=1 385w, https:\/\/i0.wp.com\/traveltheworldpages.com\/es\/wp-content\/uploads\/2022\/04\/Pilar-besando-una-serpiente-en-Marrakech.jpg?w=2048&amp;ssl=1 2048w\" sizes=\"auto, (max-width: 1024px) 100vw, 1024px\" \/><figcaption>Encantandores de serpientes en la plaza Djemaa el Fna square<\/figcaption><\/figure>\n\n\n\n<p><\/p>\n\n\n\n<p>CONSEJO: Ten mucho cuidado ya que est\u00e1 plaza es el sitio m\u00e1s tur\u00edstico de la ciudad y habr\u00e1 personas que se te acerquen pidi\u00e9ndote una cantidad exagerada de dinero. Si aceptas algo negocia el precio primero.<\/p>\n\n\n\n<h3 class=\"wp-block-heading\" id=\"visitar-las-tumas-saadies\"><span class=\"ez-toc-section\" id=\"Visita_las_tumbas_saadies\"><\/span><strong>Visita las tumbas saad\u00edes.<\/strong><span class=\"ez-toc-section-end\"><\/span><\/h3>\n\n\n\n<p>Las tumbas saad\u00edes son una necr\u00f3polis de la \u00e9poca de la dinast\u00eda Saadi. Se han usado para entierros de la familia real mucho tiempo despu\u00e9s tambi\u00e9n. Las tumbas se encuentra detr\u00e1s de una de las murallas de la mezquita de la Kasbah y est\u00e1n a unos quince minutos caminando de la plaza Djemaa en Fna.<\/p>\n\n\n\n<p>Los mausoleos son una pieza exquisita de arquitectura almohade.<\/p>\n\n\n\n<figure class=\"wp-block-image size-large\"><img data-recalc-dims=\"1\" loading=\"lazy\" decoding=\"async\" width=\"1024\" height=\"683\" src=\"https:\/\/i0.wp.com\/traveltheworldpages.com\/es\/wp-content\/uploads\/2022\/04\/Mausoleo-de-las-tumbas-Saadias-en-Marrakech.jpg?resize=1024%2C683&#038;ssl=1\" alt=\"Mausoleo de las tumas Sadias\" class=\"wp-image-171\" srcset=\"https:\/\/i0.wp.com\/traveltheworldpages.com\/es\/wp-content\/uploads\/2022\/04\/Mausoleo-de-las-tumbas-Saadias-en-Marrakech.jpg?resize=1024%2C683&amp;ssl=1 1024w, https:\/\/i0.wp.com\/traveltheworldpages.com\/es\/wp-content\/uploads\/2022\/04\/Mausoleo-de-las-tumbas-Saadias-en-Marrakech.jpg?resize=300%2C200&amp;ssl=1 300w, https:\/\/i0.wp.com\/traveltheworldpages.com\/es\/wp-content\/uploads\/2022\/04\/Mausoleo-de-las-tumbas-Saadias-en-Marrakech.jpg?resize=768%2C512&amp;ssl=1 768w, https:\/\/i0.wp.com\/traveltheworldpages.com\/es\/wp-content\/uploads\/2022\/04\/Mausoleo-de-las-tumbas-Saadias-en-Marrakech.jpg?resize=1536%2C1024&amp;ssl=1 1536w, https:\/\/i0.wp.com\/traveltheworldpages.com\/es\/wp-content\/uploads\/2022\/04\/Mausoleo-de-las-tumbas-Saadias-en-Marrakech.jpg?resize=1920%2C1280&amp;ssl=1 1920w, https:\/\/i0.wp.com\/traveltheworldpages.com\/es\/wp-content\/uploads\/2022\/04\/Mausoleo-de-las-tumbas-Saadias-en-Marrakech.jpg?resize=600%2C400&amp;ssl=1 600w, https:\/\/i0.wp.com\/traveltheworldpages.com\/es\/wp-content\/uploads\/2022\/04\/Mausoleo-de-las-tumbas-Saadias-en-Marrakech.jpg?resize=800%2C533&amp;ssl=1 800w, https:\/\/i0.wp.com\/traveltheworldpages.com\/es\/wp-content\/uploads\/2022\/04\/Mausoleo-de-las-tumbas-Saadias-en-Marrakech.jpg?resize=227%2C152&amp;ssl=1 227w, https:\/\/i0.wp.com\/traveltheworldpages.com\/es\/wp-content\/uploads\/2022\/04\/Mausoleo-de-las-tumbas-Saadias-en-Marrakech.jpg?resize=143%2C96&amp;ssl=1 143w, https:\/\/i0.wp.com\/traveltheworldpages.com\/es\/wp-content\/uploads\/2022\/04\/Mausoleo-de-las-tumbas-Saadias-en-Marrakech.jpg?resize=585%2C390&amp;ssl=1 585w, https:\/\/i0.wp.com\/traveltheworldpages.com\/es\/wp-content\/uploads\/2022\/04\/Mausoleo-de-las-tumbas-Saadias-en-Marrakech.jpg?resize=385%2C257&amp;ssl=1 385w, https:\/\/i0.wp.com\/traveltheworldpages.com\/es\/wp-content\/uploads\/2022\/04\/Mausoleo-de-las-tumbas-Saadias-en-Marrakech.jpg?w=2048&amp;ssl=1 2048w\" sizes=\"auto, (max-width: 1024px) 100vw, 1024px\" \/><figcaption>Mausoleo de las tumbas saad\u00edes.<\/figcaption><\/figure>\n\n\n\n<p><\/p>\n\n\n\n<h3 class=\"wp-block-heading\" id=\"pasea-por-mellah-el-barrio-jud\u00edo-de-Marrakech\"><span class=\"ez-toc-section\" id=\"Pasea_por_Mellah_el_barrio_judio\"><\/span><strong>Pasea por Mellah ( el barrio jud\u00edo )<\/strong><span class=\"ez-toc-section-end\"><\/span><\/h3>\n\n\n\n<p>Una de las cosas que m\u00e1s me gusta de Marruecos es como las comunidades jud\u00edas e isl\u00e1micas aceptan sus diferencias y trabajan juntas para la prosperidad de sus negocios.<\/p>\n\n\n\n<p>El \u201cMellah\u201d, en Marrakech se refiere a el \u00e1rea de la ciudad donde los jud\u00edos viven y donde puedes encontrar vendedores de especias, sastres y todo tipo de vendedores ambulantes.<\/p>\n\n\n\n<p>Hay incluso una sinagoga que fue fundada por los jud\u00edos que fueron expulsados de Espa\u00f1a e invitados por uno de los sultanes saadies a refugiarse en Marruecos.<\/p>\n\n\n\n<figure class=\"wp-block-image size-large\"><img data-recalc-dims=\"1\" loading=\"lazy\" decoding=\"async\" width=\"683\" height=\"1024\" src=\"https:\/\/i0.wp.com\/traveltheworldpages.com\/es\/wp-content\/uploads\/2022\/04\/Sinagoga-en-el-barrio-judi%CC%81o-Mellah-de-Marrakech.jpg?resize=683%2C1024&#038;ssl=1\" alt=\"Pilar en el patio de la sinagoga del barrio Mellah, el barrio jud\u00edo de Marrakech\" class=\"wp-image-182\" srcset=\"https:\/\/i0.wp.com\/traveltheworldpages.com\/es\/wp-content\/uploads\/2022\/04\/Sinagoga-en-el-barrio-judi%CC%81o-Mellah-de-Marrakech.jpg?resize=683%2C1024&amp;ssl=1 683w, https:\/\/i0.wp.com\/traveltheworldpages.com\/es\/wp-content\/uploads\/2022\/04\/Sinagoga-en-el-barrio-judi%CC%81o-Mellah-de-Marrakech.jpg?resize=200%2C300&amp;ssl=1 200w, https:\/\/i0.wp.com\/traveltheworldpages.com\/es\/wp-content\/uploads\/2022\/04\/Sinagoga-en-el-barrio-judi%CC%81o-Mellah-de-Marrakech.jpg?resize=768%2C1152&amp;ssl=1 768w, https:\/\/i0.wp.com\/traveltheworldpages.com\/es\/wp-content\/uploads\/2022\/04\/Sinagoga-en-el-barrio-judi%CC%81o-Mellah-de-Marrakech.jpg?resize=1024%2C1536&amp;ssl=1 1024w, https:\/\/i0.wp.com\/traveltheworldpages.com\/es\/wp-content\/uploads\/2022\/04\/Sinagoga-en-el-barrio-judi%CC%81o-Mellah-de-Marrakech.jpg?resize=1366%2C2048&amp;ssl=1 1366w, https:\/\/i0.wp.com\/traveltheworldpages.com\/es\/wp-content\/uploads\/2022\/04\/Sinagoga-en-el-barrio-judi%CC%81o-Mellah-de-Marrakech.jpg?resize=1280%2C1920&amp;ssl=1 1280w, https:\/\/i0.wp.com\/traveltheworldpages.com\/es\/wp-content\/uploads\/2022\/04\/Sinagoga-en-el-barrio-judi%CC%81o-Mellah-de-Marrakech.jpg?resize=600%2C900&amp;ssl=1 600w, https:\/\/i0.wp.com\/traveltheworldpages.com\/es\/wp-content\/uploads\/2022\/04\/Sinagoga-en-el-barrio-judi%CC%81o-Mellah-de-Marrakech.jpg?resize=800%2C1200&amp;ssl=1 800w, https:\/\/i0.wp.com\/traveltheworldpages.com\/es\/wp-content\/uploads\/2022\/04\/Sinagoga-en-el-barrio-judi%CC%81o-Mellah-de-Marrakech.jpg?w=1707&amp;ssl=1 1707w\" sizes=\"auto, (max-width: 683px) 100vw, 683px\" \/><figcaption>Sinagoga en Mellah<\/figcaption><\/figure>\n\n\n\n<p><\/p>\n\n\n\n<h3 class=\"wp-block-heading\"><span class=\"ez-toc-section\" id=\"Medita_en_el_cementerio_judio_de_Marrakech_Miara\"><\/span><strong>Medita en el cementerio jud\u00edo de Marrakech, Miara<\/strong><span class=\"ez-toc-section-end\"><\/span><\/h3>\n\n\n\n<p>Hay una energ\u00eda que se respira en todos los cementerios que invita a la meditaci\u00f3n. Es como si la inevitable realidad est\u00e1 tan presente que reclama su reino y erradica a\u00fan por un tiempo muy corto las preocupaciones de nuestra mundana existencia.<\/p>\n\n\n\n<p>Y no hay mejor lugar que para sentir esa energ\u00eda del momento presente que ne Miara, el cementerio jud\u00edo de Marrakech. Es el cementerio jud\u00edo mas grande de Marruecos y tiene aproximadamente 600 a\u00f1os de antiguedad.<\/p>\n\n\n\n<figure class=\"wp-block-image size-large\"><img data-recalc-dims=\"1\" loading=\"lazy\" decoding=\"async\" width=\"1024\" height=\"683\" src=\"https:\/\/i0.wp.com\/traveltheworldpages.com\/es\/wp-content\/uploads\/2022\/04\/Cementerio-judi%CC%81o-de-Miara.jpg?resize=1024%2C683&#038;ssl=1\" alt=\"Tumas en el cementerio jud\u00edo de Marrakech\" class=\"wp-image-167\" srcset=\"https:\/\/i0.wp.com\/traveltheworldpages.com\/es\/wp-content\/uploads\/2022\/04\/Cementerio-judi%CC%81o-de-Miara.jpg?resize=1024%2C683&amp;ssl=1 1024w, https:\/\/i0.wp.com\/traveltheworldpages.com\/es\/wp-content\/uploads\/2022\/04\/Cementerio-judi%CC%81o-de-Miara.jpg?resize=300%2C200&amp;ssl=1 300w, https:\/\/i0.wp.com\/traveltheworldpages.com\/es\/wp-content\/uploads\/2022\/04\/Cementerio-judi%CC%81o-de-Miara.jpg?resize=768%2C512&amp;ssl=1 768w, https:\/\/i0.wp.com\/traveltheworldpages.com\/es\/wp-content\/uploads\/2022\/04\/Cementerio-judi%CC%81o-de-Miara.jpg?resize=1536%2C1024&amp;ssl=1 1536w, https:\/\/i0.wp.com\/traveltheworldpages.com\/es\/wp-content\/uploads\/2022\/04\/Cementerio-judi%CC%81o-de-Miara.jpg?resize=1920%2C1280&amp;ssl=1 1920w, https:\/\/i0.wp.com\/traveltheworldpages.com\/es\/wp-content\/uploads\/2022\/04\/Cementerio-judi%CC%81o-de-Miara.jpg?resize=600%2C400&amp;ssl=1 600w, https:\/\/i0.wp.com\/traveltheworldpages.com\/es\/wp-content\/uploads\/2022\/04\/Cementerio-judi%CC%81o-de-Miara.jpg?resize=800%2C533&amp;ssl=1 800w, https:\/\/i0.wp.com\/traveltheworldpages.com\/es\/wp-content\/uploads\/2022\/04\/Cementerio-judi%CC%81o-de-Miara.jpg?resize=227%2C152&amp;ssl=1 227w, https:\/\/i0.wp.com\/traveltheworldpages.com\/es\/wp-content\/uploads\/2022\/04\/Cementerio-judi%CC%81o-de-Miara.jpg?resize=143%2C96&amp;ssl=1 143w, https:\/\/i0.wp.com\/traveltheworldpages.com\/es\/wp-content\/uploads\/2022\/04\/Cementerio-judi%CC%81o-de-Miara.jpg?resize=585%2C390&amp;ssl=1 585w, https:\/\/i0.wp.com\/traveltheworldpages.com\/es\/wp-content\/uploads\/2022\/04\/Cementerio-judi%CC%81o-de-Miara.jpg?resize=385%2C257&amp;ssl=1 385w, https:\/\/i0.wp.com\/traveltheworldpages.com\/es\/wp-content\/uploads\/2022\/04\/Cementerio-judi%CC%81o-de-Miara.jpg?w=2048&amp;ssl=1 2048w\" sizes=\"auto, (max-width: 1024px) 100vw, 1024px\" \/><figcaption>Miara, cementerio jud\u00edo de Marrakech<\/figcaption><\/figure>\n\n\n\n<p>Hay un precio de entrada de unos 20 dirhams, que se pagan al guardian que est\u00e1 en la entrada, y es un protocolo del cementerio lavarse las manos a la salida.<\/p>\n\n\n\n<h3 class=\"wp-block-heading\" id=\"pi\u00e9rdete-en-los-jardines-de-Mayorelle\"><span class=\"ez-toc-section\" id=\"Pierdete_en_las_tonalidades_verdes_y_azules_del_jardin_Mayorelle\"><\/span><strong>Pi\u00e9rdete en las tonalidades verdes y azules del jard\u00edn Mayorelle<\/strong><span class=\"ez-toc-section-end\"><\/span><\/h3>\n\n\n\n<p>El jard\u00edn Majorelle fue fundado por el pintor franc\u00e9s Jacques Majorelle y lo compraron m\u00e1s tarde Yves Saint-Laurent y Pierre Berg\u00e9, cuyo trabajo lo salvo de convertirse en un complejo hotelero. Ambos resid\u00edan dentro del jardin y la visita de sus aposentos est\u00e1 abierto al p\u00fablico hoy en d\u00eda.<\/p>\n\n\n\n<figure class=\"wp-block-image size-large\"><img data-recalc-dims=\"1\" loading=\"lazy\" decoding=\"async\" width=\"1024\" height=\"683\" src=\"https:\/\/i0.wp.com\/traveltheworldpages.com\/es\/wp-content\/uploads\/2022\/04\/Pilar-en-el-Jardi%CC%81n-Mayorelle.jpg?resize=1024%2C683&#038;ssl=1\" alt=\"Pilar en el jard\u00edn Mayorelle\" class=\"wp-image-173\" srcset=\"https:\/\/i0.wp.com\/traveltheworldpages.com\/es\/wp-content\/uploads\/2022\/04\/Pilar-en-el-Jardi%CC%81n-Mayorelle.jpg?resize=1024%2C683&amp;ssl=1 1024w, https:\/\/i0.wp.com\/traveltheworldpages.com\/es\/wp-content\/uploads\/2022\/04\/Pilar-en-el-Jardi%CC%81n-Mayorelle.jpg?resize=300%2C200&amp;ssl=1 300w, https:\/\/i0.wp.com\/traveltheworldpages.com\/es\/wp-content\/uploads\/2022\/04\/Pilar-en-el-Jardi%CC%81n-Mayorelle.jpg?resize=768%2C512&amp;ssl=1 768w, https:\/\/i0.wp.com\/traveltheworldpages.com\/es\/wp-content\/uploads\/2022\/04\/Pilar-en-el-Jardi%CC%81n-Mayorelle.jpg?resize=1536%2C1024&amp;ssl=1 1536w, https:\/\/i0.wp.com\/traveltheworldpages.com\/es\/wp-content\/uploads\/2022\/04\/Pilar-en-el-Jardi%CC%81n-Mayorelle.jpg?resize=1920%2C1280&amp;ssl=1 1920w, https:\/\/i0.wp.com\/traveltheworldpages.com\/es\/wp-content\/uploads\/2022\/04\/Pilar-en-el-Jardi%CC%81n-Mayorelle.jpg?resize=600%2C400&amp;ssl=1 600w, https:\/\/i0.wp.com\/traveltheworldpages.com\/es\/wp-content\/uploads\/2022\/04\/Pilar-en-el-Jardi%CC%81n-Mayorelle.jpg?resize=800%2C533&amp;ssl=1 800w, https:\/\/i0.wp.com\/traveltheworldpages.com\/es\/wp-content\/uploads\/2022\/04\/Pilar-en-el-Jardi%CC%81n-Mayorelle.jpg?resize=227%2C152&amp;ssl=1 227w, https:\/\/i0.wp.com\/traveltheworldpages.com\/es\/wp-content\/uploads\/2022\/04\/Pilar-en-el-Jardi%CC%81n-Mayorelle.jpg?resize=143%2C96&amp;ssl=1 143w, https:\/\/i0.wp.com\/traveltheworldpages.com\/es\/wp-content\/uploads\/2022\/04\/Pilar-en-el-Jardi%CC%81n-Mayorelle.jpg?resize=585%2C390&amp;ssl=1 585w, https:\/\/i0.wp.com\/traveltheworldpages.com\/es\/wp-content\/uploads\/2022\/04\/Pilar-en-el-Jardi%CC%81n-Mayorelle.jpg?resize=385%2C257&amp;ssl=1 385w, https:\/\/i0.wp.com\/traveltheworldpages.com\/es\/wp-content\/uploads\/2022\/04\/Pilar-en-el-Jardi%CC%81n-Mayorelle.jpg?w=2048&amp;ssl=1 2048w\" sizes=\"auto, (max-width: 1024px) 100vw, 1024px\" \/><figcaption>Pilar en el jardi\u00edn Mayorelle<\/figcaption><\/figure>\n\n\n\n<p><\/p>\n\n\n\n<p>En su interior se encuentran tambi\u00e9n el museo de arte isl\u00e1mico de Marrakech, el museo bereber y de Yves Saint Laurent.<\/p>\n\n\n\n<p>El jard\u00edn es una mezcla perfecta de colores verdes y arquitectura azul. Un lugar perfecto de los que ver en Marrakech para sacar tus fotos favoritas de Instagram.<\/p>\n\n\n\n<figure class=\"wp-block-image size-large\"><img data-recalc-dims=\"1\" loading=\"lazy\" decoding=\"async\" width=\"1024\" height=\"683\" src=\"https:\/\/i0.wp.com\/traveltheworldpages.com\/es\/wp-content\/uploads\/2022\/04\/Pilar-en-una-fuente-del-jardi%CC%81n-Mayorelle.jpg?resize=1024%2C683&#038;ssl=1\" alt=\"Pilar en una fuente del Jard\u00edn Mayorelle\" class=\"wp-image-179\" srcset=\"https:\/\/i0.wp.com\/traveltheworldpages.com\/es\/wp-content\/uploads\/2022\/04\/Pilar-en-una-fuente-del-jardi%CC%81n-Mayorelle.jpg?resize=1024%2C683&amp;ssl=1 1024w, https:\/\/i0.wp.com\/traveltheworldpages.com\/es\/wp-content\/uploads\/2022\/04\/Pilar-en-una-fuente-del-jardi%CC%81n-Mayorelle.jpg?resize=300%2C200&amp;ssl=1 300w, https:\/\/i0.wp.com\/traveltheworldpages.com\/es\/wp-content\/uploads\/2022\/04\/Pilar-en-una-fuente-del-jardi%CC%81n-Mayorelle.jpg?resize=768%2C512&amp;ssl=1 768w, https:\/\/i0.wp.com\/traveltheworldpages.com\/es\/wp-content\/uploads\/2022\/04\/Pilar-en-una-fuente-del-jardi%CC%81n-Mayorelle.jpg?resize=1536%2C1024&amp;ssl=1 1536w, https:\/\/i0.wp.com\/traveltheworldpages.com\/es\/wp-content\/uploads\/2022\/04\/Pilar-en-una-fuente-del-jardi%CC%81n-Mayorelle.jpg?resize=1920%2C1280&amp;ssl=1 1920w, https:\/\/i0.wp.com\/traveltheworldpages.com\/es\/wp-content\/uploads\/2022\/04\/Pilar-en-una-fuente-del-jardi%CC%81n-Mayorelle.jpg?resize=600%2C400&amp;ssl=1 600w, https:\/\/i0.wp.com\/traveltheworldpages.com\/es\/wp-content\/uploads\/2022\/04\/Pilar-en-una-fuente-del-jardi%CC%81n-Mayorelle.jpg?resize=800%2C533&amp;ssl=1 800w, https:\/\/i0.wp.com\/traveltheworldpages.com\/es\/wp-content\/uploads\/2022\/04\/Pilar-en-una-fuente-del-jardi%CC%81n-Mayorelle.jpg?resize=227%2C152&amp;ssl=1 227w, https:\/\/i0.wp.com\/traveltheworldpages.com\/es\/wp-content\/uploads\/2022\/04\/Pilar-en-una-fuente-del-jardi%CC%81n-Mayorelle.jpg?resize=143%2C96&amp;ssl=1 143w, https:\/\/i0.wp.com\/traveltheworldpages.com\/es\/wp-content\/uploads\/2022\/04\/Pilar-en-una-fuente-del-jardi%CC%81n-Mayorelle.jpg?resize=585%2C390&amp;ssl=1 585w, https:\/\/i0.wp.com\/traveltheworldpages.com\/es\/wp-content\/uploads\/2022\/04\/Pilar-en-una-fuente-del-jardi%CC%81n-Mayorelle.jpg?resize=385%2C257&amp;ssl=1 385w, https:\/\/i0.wp.com\/traveltheworldpages.com\/es\/wp-content\/uploads\/2022\/04\/Pilar-en-una-fuente-del-jardi%CC%81n-Mayorelle.jpg?w=2048&amp;ssl=1 2048w\" sizes=\"auto, (max-width: 1024px) 100vw, 1024px\" \/><figcaption>Pilar en el jard\u00edn Mayorelle<\/figcaption><\/figure>\n\n\n\n<p><\/p>\n\n\n\n<h3 class=\"wp-block-heading\" id=\"Camina-alrededor-de-la-mezquita-koutoubia\"><span class=\"ez-toc-section\" id=\"Camina_alrededor_de_la_mezquita_Koutoubia\"><\/span><strong>Camina alrededor de la mezquita Koutoubia<\/strong><span class=\"ez-toc-section-end\"><\/span><\/h3>\n\n\n\n<p>La mezquita Koutubia se encuentra a 200 metros de Djemaa el Fna Square y es la mezquita m\u00e1s grande de Marruecos. No se puede entrar pero puedes caminar a su alrededor y pasear por los jardines cercanos.<\/p>\n\n\n\n<h3 class=\"wp-block-heading\" id=\"disfruta-del-palacio-bah\u00eda\"><span class=\"ez-toc-section\" id=\"Disfruta_el_palacio_Bahia\"><\/span><strong>Disfruta el palacio Bah\u00ed<\/strong>a<span class=\"ez-toc-section-end\"><\/span><\/h3>\n\n\n\n<p>El palacio Bahia es un palacio bastante moderno que fue construido en el siglo XIX. Su construcci\u00f3n fue dirigida por Si Musa, un descendiente de una familia de esclavos de color que sirvieron al gobierno marroqu\u00ed.<\/p>\n\n\n\n<p>Empez\u00f3 a construir el palacio en 1859 bajo el reino del Sultan <a href=\"https:\/\/en.wikipedia.org\/wiki\/Muhammad_IV_of_Morocco\">Muhammad ibn Abd al-Rahman<\/a>.<\/p>\n\n\n\n<figure class=\"wp-block-image size-large\"><img data-recalc-dims=\"1\" loading=\"lazy\" decoding=\"async\" width=\"683\" height=\"1024\" src=\"https:\/\/i0.wp.com\/traveltheworldpages.com\/es\/wp-content\/uploads\/2022\/04\/Pilar-en-una-de-las-puertas-del-palacio-Bahi%CC%81a.jpg?resize=683%2C1024&#038;ssl=1\" alt=\"Pilar en un arco del palacia Bah\u00eda\" class=\"wp-image-178\" srcset=\"https:\/\/i0.wp.com\/traveltheworldpages.com\/es\/wp-content\/uploads\/2022\/04\/Pilar-en-una-de-las-puertas-del-palacio-Bahi%CC%81a.jpg?resize=683%2C1024&amp;ssl=1 683w, https:\/\/i0.wp.com\/traveltheworldpages.com\/es\/wp-content\/uploads\/2022\/04\/Pilar-en-una-de-las-puertas-del-palacio-Bahi%CC%81a.jpg?resize=200%2C300&amp;ssl=1 200w, https:\/\/i0.wp.com\/traveltheworldpages.com\/es\/wp-content\/uploads\/2022\/04\/Pilar-en-una-de-las-puertas-del-palacio-Bahi%CC%81a.jpg?resize=768%2C1152&amp;ssl=1 768w, https:\/\/i0.wp.com\/traveltheworldpages.com\/es\/wp-content\/uploads\/2022\/04\/Pilar-en-una-de-las-puertas-del-palacio-Bahi%CC%81a.jpg?resize=1024%2C1536&amp;ssl=1 1024w, https:\/\/i0.wp.com\/traveltheworldpages.com\/es\/wp-content\/uploads\/2022\/04\/Pilar-en-una-de-las-puertas-del-palacio-Bahi%CC%81a.jpg?resize=1366%2C2048&amp;ssl=1 1366w, https:\/\/i0.wp.com\/traveltheworldpages.com\/es\/wp-content\/uploads\/2022\/04\/Pilar-en-una-de-las-puertas-del-palacio-Bahi%CC%81a.jpg?resize=1280%2C1920&amp;ssl=1 1280w, https:\/\/i0.wp.com\/traveltheworldpages.com\/es\/wp-content\/uploads\/2022\/04\/Pilar-en-una-de-las-puertas-del-palacio-Bahi%CC%81a.jpg?resize=600%2C900&amp;ssl=1 600w, https:\/\/i0.wp.com\/traveltheworldpages.com\/es\/wp-content\/uploads\/2022\/04\/Pilar-en-una-de-las-puertas-del-palacio-Bahi%CC%81a.jpg?resize=800%2C1200&amp;ssl=1 800w, https:\/\/i0.wp.com\/traveltheworldpages.com\/es\/wp-content\/uploads\/2022\/04\/Pilar-en-una-de-las-puertas-del-palacio-Bahi%CC%81a.jpg?w=1707&amp;ssl=1 1707w\" sizes=\"auto, (max-width: 683px) 100vw, 683px\" \/><figcaption>Palacio Bahia<\/figcaption><\/figure>\n\n\n\n<p><\/p>\n\n\n\n<p>El palacio es una estructura laber\u00edntica que indica un dise\u00f1o aleatorio en su construcci\u00f3n.<\/p>\n\n\n\n<p>El palacio interior y la exquisita decoraci\u00f3n de sus puertas es algo que no querr\u00e1s perderte durante tu visita de una semana en Marrakech.<\/p>\n\n\n\n<h3 class=\"wp-block-heading\" id=\"Explora-el-palacio-Badi\"><span class=\"ez-toc-section\" id=\"Explora_el_palacio_Badi\"><\/span><strong>Explora el palacio Badi<\/strong><span class=\"ez-toc-section-end\"><\/span><\/h3>\n\n\n\n<p>El Badi significa \u201cEl incomparable\u201d y es uno de los 99 nombres de Dios en el Islam. Su construcci\u00f3n empez\u00f3 con el <a href=\"https:\/\/en.wikipedia.org\/wiki\/Sultan\">sult\u00e1n<\/a> <a href=\"https:\/\/en.wikipedia.org\/wiki\/Ahmad_al-Mansur\">Ahmad al-Mansur<\/a> de dinast\u00eda <a href=\"https:\/\/en.wikipedia.org\/wiki\/Saadian_dynasty\">Saad\u00eda <\/a>en 1578<\/p>\n\n\n\n<figure class=\"wp-block-image size-large\"><img data-recalc-dims=\"1\" loading=\"lazy\" decoding=\"async\" width=\"1024\" height=\"683\" src=\"https:\/\/i0.wp.com\/traveltheworldpages.com\/es\/wp-content\/uploads\/2022\/04\/Reflejos-en-el-agua-en-el-palacio-Badi.jpg?resize=1024%2C683&#038;ssl=1\" alt=\"Reflejos en en agua del palacio Badi, en el patio interior\" class=\"wp-image-180\" srcset=\"https:\/\/i0.wp.com\/traveltheworldpages.com\/es\/wp-content\/uploads\/2022\/04\/Reflejos-en-el-agua-en-el-palacio-Badi.jpg?resize=1024%2C683&amp;ssl=1 1024w, https:\/\/i0.wp.com\/traveltheworldpages.com\/es\/wp-content\/uploads\/2022\/04\/Reflejos-en-el-agua-en-el-palacio-Badi.jpg?resize=300%2C200&amp;ssl=1 300w, https:\/\/i0.wp.com\/traveltheworldpages.com\/es\/wp-content\/uploads\/2022\/04\/Reflejos-en-el-agua-en-el-palacio-Badi.jpg?resize=768%2C512&amp;ssl=1 768w, https:\/\/i0.wp.com\/traveltheworldpages.com\/es\/wp-content\/uploads\/2022\/04\/Reflejos-en-el-agua-en-el-palacio-Badi.jpg?resize=1536%2C1024&amp;ssl=1 1536w, https:\/\/i0.wp.com\/traveltheworldpages.com\/es\/wp-content\/uploads\/2022\/04\/Reflejos-en-el-agua-en-el-palacio-Badi.jpg?resize=1920%2C1280&amp;ssl=1 1920w, https:\/\/i0.wp.com\/traveltheworldpages.com\/es\/wp-content\/uploads\/2022\/04\/Reflejos-en-el-agua-en-el-palacio-Badi.jpg?resize=600%2C400&amp;ssl=1 600w, https:\/\/i0.wp.com\/traveltheworldpages.com\/es\/wp-content\/uploads\/2022\/04\/Reflejos-en-el-agua-en-el-palacio-Badi.jpg?resize=800%2C533&amp;ssl=1 800w, https:\/\/i0.wp.com\/traveltheworldpages.com\/es\/wp-content\/uploads\/2022\/04\/Reflejos-en-el-agua-en-el-palacio-Badi.jpg?resize=227%2C152&amp;ssl=1 227w, https:\/\/i0.wp.com\/traveltheworldpages.com\/es\/wp-content\/uploads\/2022\/04\/Reflejos-en-el-agua-en-el-palacio-Badi.jpg?resize=143%2C96&amp;ssl=1 143w, https:\/\/i0.wp.com\/traveltheworldpages.com\/es\/wp-content\/uploads\/2022\/04\/Reflejos-en-el-agua-en-el-palacio-Badi.jpg?resize=585%2C390&amp;ssl=1 585w, https:\/\/i0.wp.com\/traveltheworldpages.com\/es\/wp-content\/uploads\/2022\/04\/Reflejos-en-el-agua-en-el-palacio-Badi.jpg?resize=385%2C257&amp;ssl=1 385w, https:\/\/i0.wp.com\/traveltheworldpages.com\/es\/wp-content\/uploads\/2022\/04\/Reflejos-en-el-agua-en-el-palacio-Badi.jpg?w=2048&amp;ssl=1 2048w\" sizes=\"auto, (max-width: 1024px) 100vw, 1024px\" \/><figcaption>El palacio Badi<\/figcaption><\/figure>\n\n\n\n<p><\/p>\n\n\n\n<p>Desde la parte m\u00e1s alta del palacio Badi se puede ver las cimas de la cordillera del Atlas<\/p>\n\n\n\n<p>Vista de las monta\u00f1as del Atlas desde el palacio Badi<\/p>\n\n\n\n<h3 class=\"wp-block-heading\" id=\"cena-con-espect\u00e1culo-Bereber-en-Marrakech\"><span class=\"ez-toc-section\" id=\"Cena_disfrutando_del_un_espectaculo_Bereber\"><\/span><strong>Cena disfrutando del un espect\u00e1culo Bereber<\/strong><span class=\"ez-toc-section-end\"><\/span><\/h3>\n\n\n\n<p>La reserva de cena y espect\u00e1culo de caballos bereberes lo puedes reservar normalmente en la recepci\u00f3n de tu Riad. Un autob\u00fas te llevar\u00e1 a las afueras de Marrakech donde te esperar\u00e1 una deliciosa cena de Buffet. Despu\u00e9s de cenar podr\u00e1s ver un espect\u00e1culo de caballlos bereberes con fuego. Cuesta unos 35 euros.<\/p>\n\n\n\n<figure class=\"wp-block-image size-large\"><img data-recalc-dims=\"1\" loading=\"lazy\" decoding=\"async\" width=\"1024\" height=\"683\" src=\"https:\/\/i0.wp.com\/traveltheworldpages.com\/es\/wp-content\/uploads\/2022\/04\/Cena-en-el-show-Bereber-a-las-afueras-de-Marrakech.jpg?resize=1024%2C683&#038;ssl=1\" alt=\"Cena en el show Bereber de las afueras de Marrakech\" class=\"wp-image-168\" srcset=\"https:\/\/i0.wp.com\/traveltheworldpages.com\/es\/wp-content\/uploads\/2022\/04\/Cena-en-el-show-Bereber-a-las-afueras-de-Marrakech.jpg?resize=1024%2C683&amp;ssl=1 1024w, https:\/\/i0.wp.com\/traveltheworldpages.com\/es\/wp-content\/uploads\/2022\/04\/Cena-en-el-show-Bereber-a-las-afueras-de-Marrakech.jpg?resize=300%2C200&amp;ssl=1 300w, https:\/\/i0.wp.com\/traveltheworldpages.com\/es\/wp-content\/uploads\/2022\/04\/Cena-en-el-show-Bereber-a-las-afueras-de-Marrakech.jpg?resize=768%2C512&amp;ssl=1 768w, https:\/\/i0.wp.com\/traveltheworldpages.com\/es\/wp-content\/uploads\/2022\/04\/Cena-en-el-show-Bereber-a-las-afueras-de-Marrakech.jpg?resize=1536%2C1024&amp;ssl=1 1536w, https:\/\/i0.wp.com\/traveltheworldpages.com\/es\/wp-content\/uploads\/2022\/04\/Cena-en-el-show-Bereber-a-las-afueras-de-Marrakech.jpg?resize=1920%2C1280&amp;ssl=1 1920w, https:\/\/i0.wp.com\/traveltheworldpages.com\/es\/wp-content\/uploads\/2022\/04\/Cena-en-el-show-Bereber-a-las-afueras-de-Marrakech.jpg?resize=600%2C400&amp;ssl=1 600w, https:\/\/i0.wp.com\/traveltheworldpages.com\/es\/wp-content\/uploads\/2022\/04\/Cena-en-el-show-Bereber-a-las-afueras-de-Marrakech.jpg?resize=800%2C533&amp;ssl=1 800w, https:\/\/i0.wp.com\/traveltheworldpages.com\/es\/wp-content\/uploads\/2022\/04\/Cena-en-el-show-Bereber-a-las-afueras-de-Marrakech.jpg?resize=227%2C152&amp;ssl=1 227w, https:\/\/i0.wp.com\/traveltheworldpages.com\/es\/wp-content\/uploads\/2022\/04\/Cena-en-el-show-Bereber-a-las-afueras-de-Marrakech.jpg?resize=143%2C96&amp;ssl=1 143w, https:\/\/i0.wp.com\/traveltheworldpages.com\/es\/wp-content\/uploads\/2022\/04\/Cena-en-el-show-Bereber-a-las-afueras-de-Marrakech.jpg?resize=585%2C390&amp;ssl=1 585w, https:\/\/i0.wp.com\/traveltheworldpages.com\/es\/wp-content\/uploads\/2022\/04\/Cena-en-el-show-Bereber-a-las-afueras-de-Marrakech.jpg?resize=385%2C257&amp;ssl=1 385w, https:\/\/i0.wp.com\/traveltheworldpages.com\/es\/wp-content\/uploads\/2022\/04\/Cena-en-el-show-Bereber-a-las-afueras-de-Marrakech.jpg?w=2048&amp;ssl=1 2048w\" sizes=\"auto, (max-width: 1024px) 100vw, 1024px\" \/><figcaption>Pilar cenando durante el show Bereber a las afueras de Marrakec<\/figcaption><\/figure>\n\n\n\n<p><\/p>\n\n\n\n<h3 class=\"wp-block-heading\" id=\"visita-las-curtidur\u00edas-de-Marrakech\"><span class=\"ez-toc-section\" id=\"Visita_las_curtidurias_de_Marrakech\"><\/span><strong>Visita las curtidur\u00edas de Marrakech<\/strong><span class=\"ez-toc-section-end\"><\/span><\/h3>\n\n\n\n<p>Las curtudur\u00edas de Marrakech se encuentran en la parte exterior de la Medina y no las visitan muchos turistas aunque las recomiendo ya que es una experiencia realmente aunt\u00e9ntica y local y podr\u00e1s oler el olor especial que se desprende ( recomendable llevar algo de hoja de menta).<\/p>\n\n\n\n<p>Llegu\u00e9 a las curtidur\u00edas a trav\u00e9s de un gu\u00eda local que se ofreci\u00f3 a cambio de llevarmen luego a visitar una de las tiendas de piel, sin compromiso de comprar. Los gu\u00edas se llevan una comisi\u00f3n cuando te llevan a una tienda y compras.<\/p>\n\n\n\n<figure class=\"wp-block-image size-large\"><img data-recalc-dims=\"1\" loading=\"lazy\" decoding=\"async\" width=\"1024\" height=\"683\" src=\"https:\/\/i0.wp.com\/traveltheworldpages.com\/es\/wp-content\/uploads\/2022\/04\/Trabajadores-en-las-curtidoras-en-Marrakech.jpg?resize=1024%2C683&#038;ssl=1\" alt=\"Trabajadores en las curtidoras de Marrakeh\" class=\"wp-image-184\" srcset=\"https:\/\/i0.wp.com\/traveltheworldpages.com\/es\/wp-content\/uploads\/2022\/04\/Trabajadores-en-las-curtidoras-en-Marrakech.jpg?resize=1024%2C683&amp;ssl=1 1024w, https:\/\/i0.wp.com\/traveltheworldpages.com\/es\/wp-content\/uploads\/2022\/04\/Trabajadores-en-las-curtidoras-en-Marrakech.jpg?resize=300%2C200&amp;ssl=1 300w, https:\/\/i0.wp.com\/traveltheworldpages.com\/es\/wp-content\/uploads\/2022\/04\/Trabajadores-en-las-curtidoras-en-Marrakech.jpg?resize=768%2C512&amp;ssl=1 768w, https:\/\/i0.wp.com\/traveltheworldpages.com\/es\/wp-content\/uploads\/2022\/04\/Trabajadores-en-las-curtidoras-en-Marrakech.jpg?resize=1536%2C1024&amp;ssl=1 1536w, https:\/\/i0.wp.com\/traveltheworldpages.com\/es\/wp-content\/uploads\/2022\/04\/Trabajadores-en-las-curtidoras-en-Marrakech.jpg?resize=1920%2C1280&amp;ssl=1 1920w, https:\/\/i0.wp.com\/traveltheworldpages.com\/es\/wp-content\/uploads\/2022\/04\/Trabajadores-en-las-curtidoras-en-Marrakech.jpg?resize=600%2C400&amp;ssl=1 600w, https:\/\/i0.wp.com\/traveltheworldpages.com\/es\/wp-content\/uploads\/2022\/04\/Trabajadores-en-las-curtidoras-en-Marrakech.jpg?resize=800%2C533&amp;ssl=1 800w, https:\/\/i0.wp.com\/traveltheworldpages.com\/es\/wp-content\/uploads\/2022\/04\/Trabajadores-en-las-curtidoras-en-Marrakech.jpg?resize=227%2C152&amp;ssl=1 227w, https:\/\/i0.wp.com\/traveltheworldpages.com\/es\/wp-content\/uploads\/2022\/04\/Trabajadores-en-las-curtidoras-en-Marrakech.jpg?resize=143%2C96&amp;ssl=1 143w, https:\/\/i0.wp.com\/traveltheworldpages.com\/es\/wp-content\/uploads\/2022\/04\/Trabajadores-en-las-curtidoras-en-Marrakech.jpg?resize=585%2C390&amp;ssl=1 585w, https:\/\/i0.wp.com\/traveltheworldpages.com\/es\/wp-content\/uploads\/2022\/04\/Trabajadores-en-las-curtidoras-en-Marrakech.jpg?resize=385%2C257&amp;ssl=1 385w, https:\/\/i0.wp.com\/traveltheworldpages.com\/es\/wp-content\/uploads\/2022\/04\/Trabajadores-en-las-curtidoras-en-Marrakech.jpg?w=2048&amp;ssl=1 2048w\" sizes=\"auto, (max-width: 1024px) 100vw, 1024px\" \/><figcaption>Trabajadores en las curtidur\u00edas de Marrakech<\/figcaption><\/figure>\n\n\n\n<p><\/p>\n\n\n\n<p>CONSEJO; Negocia con el gu\u00eda antes. Mi gu\u00eda no me cobr\u00f3 por llevarme pero no siempre es as\u00ed.<\/p>\n\n\n\n<p>Pilar en las curtidur\u00edas de Marrakech.<\/p>\n\n\n\n<h3 class=\"wp-block-heading\" id=\"excursi\u00f3n-de-un-d\u00eda-a-la-cordillera-del-Atlas\"><span class=\"ez-toc-section\" id=\"Haz_una_excursion_de_un_dia_a_las_montanas_del_Atlas\"><\/span><strong>Haz una excursi\u00f3n de un d\u00eda a las monta\u00f1as del Atlas<\/strong><span class=\"ez-toc-section-end\"><\/span><\/h3>\n\n\n\n<p>Una semana en Marrakech da para mucho y la mejor forma de hacerla m\u00e1s amena y variada es hacer una escapada rural en el medio de la semana. Las monta\u00f1as del Atlas no est\u00e1n muy lejos de Marrakech y son visibles desde la mayori\u00f1a de los tejados y terrazas de la ciudad.<\/p>\n\n\n\n<p>Recomiendo una excursi\u00f3n de un d\u00eda a Setti Fatma. Se tarda una hora y media en llegar y hay una parada en un mercado rural y una cooperativa de mujeres que fabrican el aceite de arg\u00e1n. El aceite es de calidad exquisita y tiene usos diversos y el dinero va dedicado a ayudar a la gente local, con lo cual es recomendable comprar algo.<\/p>\n\n\n\n<p>Ten cuidado porque hay comerciantes intentando venderte piedras preciosas que son realmente cuarzo pintado. El cuarzo pintado es muy bonito pero hay que tener cuidado de no pagar un precio exagerado al confundirlo con piedras preciosas.<\/p>\n\n\n\n<p>En Seti Fatma se hace una peque\u00f1a caminata por las monta\u00f1as de Atlas pasando por unas cascadas muy bellas.<\/p>\n\n\n\n<figure class=\"wp-block-image size-large\"><img data-recalc-dims=\"1\" loading=\"lazy\" decoding=\"async\" width=\"1024\" height=\"683\" src=\"https:\/\/i0.wp.com\/traveltheworldpages.com\/es\/wp-content\/uploads\/2022\/04\/La-cordillera-de-Atlas.jpg?resize=1024%2C683&#038;ssl=1\" alt=\"\" class=\"wp-image-170\" srcset=\"https:\/\/i0.wp.com\/traveltheworldpages.com\/es\/wp-content\/uploads\/2022\/04\/La-cordillera-de-Atlas.jpg?resize=1024%2C683&amp;ssl=1 1024w, https:\/\/i0.wp.com\/traveltheworldpages.com\/es\/wp-content\/uploads\/2022\/04\/La-cordillera-de-Atlas.jpg?resize=300%2C200&amp;ssl=1 300w, https:\/\/i0.wp.com\/traveltheworldpages.com\/es\/wp-content\/uploads\/2022\/04\/La-cordillera-de-Atlas.jpg?resize=768%2C512&amp;ssl=1 768w, https:\/\/i0.wp.com\/traveltheworldpages.com\/es\/wp-content\/uploads\/2022\/04\/La-cordillera-de-Atlas.jpg?resize=1536%2C1024&amp;ssl=1 1536w, https:\/\/i0.wp.com\/traveltheworldpages.com\/es\/wp-content\/uploads\/2022\/04\/La-cordillera-de-Atlas.jpg?resize=1920%2C1280&amp;ssl=1 1920w, https:\/\/i0.wp.com\/traveltheworldpages.com\/es\/wp-content\/uploads\/2022\/04\/La-cordillera-de-Atlas.jpg?resize=600%2C400&amp;ssl=1 600w, https:\/\/i0.wp.com\/traveltheworldpages.com\/es\/wp-content\/uploads\/2022\/04\/La-cordillera-de-Atlas.jpg?resize=800%2C533&amp;ssl=1 800w, https:\/\/i0.wp.com\/traveltheworldpages.com\/es\/wp-content\/uploads\/2022\/04\/La-cordillera-de-Atlas.jpg?resize=227%2C152&amp;ssl=1 227w, https:\/\/i0.wp.com\/traveltheworldpages.com\/es\/wp-content\/uploads\/2022\/04\/La-cordillera-de-Atlas.jpg?resize=143%2C96&amp;ssl=1 143w, https:\/\/i0.wp.com\/traveltheworldpages.com\/es\/wp-content\/uploads\/2022\/04\/La-cordillera-de-Atlas.jpg?resize=585%2C390&amp;ssl=1 585w, https:\/\/i0.wp.com\/traveltheworldpages.com\/es\/wp-content\/uploads\/2022\/04\/La-cordillera-de-Atlas.jpg?resize=385%2C257&amp;ssl=1 385w, https:\/\/i0.wp.com\/traveltheworldpages.com\/es\/wp-content\/uploads\/2022\/04\/La-cordillera-de-Atlas.jpg?w=2048&amp;ssl=1 2048w\" sizes=\"auto, (max-width: 1024px) 100vw, 1024px\" \/><figcaption>Cordillera del Atlas desde Seti Fatma<\/figcaption><\/figure>\n\n\n\n<p>Al final del paseo podr\u00e1s disfrutar de una exquisita Tajine en la orilla del r\u00edo. (la comida no est\u00e1 incluida en el tour)<\/p>\n\n\n\n<p>Reserv\u00e9 este hotel en la recepci\u00f3n del hotel y pagu\u00e9 por el 35 euros.<\/p>\n\n\n\n<h3 class=\"wp-block-heading\" id=\"jard\u00edn-secreto-de-Marrakech\"><span class=\"ez-toc-section\" id=\"Relajate_en_el_jardin_secreto_de_Marrakech\"><\/span><strong>Rel\u00e1jate en el jard\u00edn secreto de Marrakech<\/strong><span class=\"ez-toc-section-end\"><\/span><\/h3>\n\n\n\n<p>Este jard\u00edn es un peque\u00f1o tesoro en el coraz\u00f3n de la Medina. Es un escondite perfecto para descansar y relajarte mientras visitas las agitadas calles de la Medina.<\/p>\n\n\n\n<figure class=\"wp-block-image size-large\"><img data-recalc-dims=\"1\" loading=\"lazy\" decoding=\"async\" width=\"1024\" height=\"683\" src=\"https:\/\/i0.wp.com\/traveltheworldpages.com\/es\/wp-content\/uploads\/2022\/04\/Vista-de-Marrakech-desde-el-jardi%CC%81n-secreto-.jpg?resize=1024%2C683&#038;ssl=1\" alt=\"\" class=\"wp-image-186\" srcset=\"https:\/\/i0.wp.com\/traveltheworldpages.com\/es\/wp-content\/uploads\/2022\/04\/Vista-de-Marrakech-desde-el-jardi%CC%81n-secreto-.jpg?resize=1024%2C683&amp;ssl=1 1024w, https:\/\/i0.wp.com\/traveltheworldpages.com\/es\/wp-content\/uploads\/2022\/04\/Vista-de-Marrakech-desde-el-jardi%CC%81n-secreto-.jpg?resize=300%2C200&amp;ssl=1 300w, https:\/\/i0.wp.com\/traveltheworldpages.com\/es\/wp-content\/uploads\/2022\/04\/Vista-de-Marrakech-desde-el-jardi%CC%81n-secreto-.jpg?resize=768%2C512&amp;ssl=1 768w, https:\/\/i0.wp.com\/traveltheworldpages.com\/es\/wp-content\/uploads\/2022\/04\/Vista-de-Marrakech-desde-el-jardi%CC%81n-secreto-.jpg?resize=1536%2C1024&amp;ssl=1 1536w, https:\/\/i0.wp.com\/traveltheworldpages.com\/es\/wp-content\/uploads\/2022\/04\/Vista-de-Marrakech-desde-el-jardi%CC%81n-secreto-.jpg?resize=1920%2C1280&amp;ssl=1 1920w, https:\/\/i0.wp.com\/traveltheworldpages.com\/es\/wp-content\/uploads\/2022\/04\/Vista-de-Marrakech-desde-el-jardi%CC%81n-secreto-.jpg?resize=600%2C400&amp;ssl=1 600w, https:\/\/i0.wp.com\/traveltheworldpages.com\/es\/wp-content\/uploads\/2022\/04\/Vista-de-Marrakech-desde-el-jardi%CC%81n-secreto-.jpg?resize=800%2C533&amp;ssl=1 800w, https:\/\/i0.wp.com\/traveltheworldpages.com\/es\/wp-content\/uploads\/2022\/04\/Vista-de-Marrakech-desde-el-jardi%CC%81n-secreto-.jpg?resize=227%2C152&amp;ssl=1 227w, https:\/\/i0.wp.com\/traveltheworldpages.com\/es\/wp-content\/uploads\/2022\/04\/Vista-de-Marrakech-desde-el-jardi%CC%81n-secreto-.jpg?resize=143%2C96&amp;ssl=1 143w, https:\/\/i0.wp.com\/traveltheworldpages.com\/es\/wp-content\/uploads\/2022\/04\/Vista-de-Marrakech-desde-el-jardi%CC%81n-secreto-.jpg?resize=585%2C390&amp;ssl=1 585w, https:\/\/i0.wp.com\/traveltheworldpages.com\/es\/wp-content\/uploads\/2022\/04\/Vista-de-Marrakech-desde-el-jardi%CC%81n-secreto-.jpg?resize=385%2C257&amp;ssl=1 385w, https:\/\/i0.wp.com\/traveltheworldpages.com\/es\/wp-content\/uploads\/2022\/04\/Vista-de-Marrakech-desde-el-jardi%CC%81n-secreto-.jpg?w=2048&amp;ssl=1 2048w\" sizes=\"auto, (max-width: 1024px) 100vw, 1024px\" \/><figcaption>Vista de Marrakech desde la terraza del jard\u00edn secreto<\/figcaption><\/figure>\n\n\n\n<p><\/p>\n\n\n\n<h3 class=\"wp-block-heading\" id=\"compra-en-la-Median-y-v\u00edstete-de-marroqu\u00ed\"><span class=\"ez-toc-section\" id=\"Compra_en_la_Medina_y_vistete_de_marroqui\"><\/span><strong>Compra en la Medina y v\u00edstete de marroqu\u00ed<\/strong><span class=\"ez-toc-section-end\"><\/span><\/h3>\n\n\n\n<p>Se pueden comprar muchas baratijas, ropa y objetos de piel en los zouks dentro de la Medina. Es todoa una experiencia comprar un vestido local y llevarlo. Ver\u00e1s como cambia la actitud de la gente y se abren m\u00e1s a ti. Mi pieza favorita de ropa es el Selham. El Selham es una prenda de ropa masculina pero queda muy bien tambi\u00e9n cuando lo lleva una mujer. Y adem\u00e1s en muy \u00fatil cuando se viaja en Marruecos durante el Oto\u00f1o y el Invierno ya que por las noches hace mucho fr\u00edo.<\/p>\n\n\n\n<h3 class=\"wp-block-heading\" id=\"prueba-el-haman-tradicional-combinado-con-un-masaje\"><span class=\"ez-toc-section\" id=\"Date_un_homenaje_y_prueba_el_Haman_tradicional_combinado_con_un_masaje\"><\/span><strong>Date un homenaje y prueba el Haman tradicional combinado con un masaje.<\/strong><span class=\"ez-toc-section-end\"><\/span><\/h3>\n\n\n\n<p>Un Haman es una habitaci\u00f3n tradicional con vapor en la cual alguien te restregar\u00e1 el cuerpo desnudo para eliminar todas tus impurezas. Es un tratamiento de belleza perfecto y en mi opini\u00f3n el efecto se multiplica cuando est\u00e1 combinado con un masaje. Los Hamanes tradicionales son habitaciones comunes con habitaciones separadas para hombres y mujeres. Pero hay un gran n\u00famero de Hamanes individuales en Marrakech donde puedes disfrutar de una experiencia \u00fanica.<\/p>\n\n\n\n<h3 class=\"wp-block-heading\" id=\"ale-ben-youssef-madrasa-marrakech\"><span class=\"ez-toc-section\" id=\"Aprende_algo_de_historia_Ale_Ben_Youssef_Madrasa\"><\/span><strong>Aprende algo de historia Ale Ben Youssef Madrasa<\/strong><span class=\"ez-toc-section-end\"><\/span><\/h3>\n\n\n\n<p>Desafortunadamente no pude visitarla por dentro ya que estaban haciendo trabajos de reconstrucci\u00f3n y se espera que est\u00e9 abierta para el a\u00f1o 2021. Espero poder visitarla cuando visite Marrakech.<\/p>\n\n\n\n<p>Como puedes ver hay muchas cosas que hacer durante una semana en Marrakech. No te olvides de sentarte en una terraza y beber un poco de t\u00e9 marroqu\u00ed mientras observas la vida local.<\/p>\n","protected":false},"excerpt":{"rendered":"<p>Un laberinto hipn\u00f3tico de peque\u00f1os pasadizos y calles en la vieja Medina, culminando en la agitada plaza de Djemma el Fna te dejar\u00e1n hechizado con esta bella ciudad. Marrakech es sin duda una ciudad m\u00e1gica que recomiendo ver a un paso lento y saboreando cada instante. Si est\u00e1s pregunt\u00e1ndote que ver en Marrakech has venido&#8230;<\/p>\n","protected":false},"author":1,"featured_media":185,"comment_status":"open","ping_status":"open","sticky":false,"template":"","format":"standard","meta":{"nf_dc_page":"","om_disable_all_campaigns":false,"_kad_post_transparent":"","_kad_post_title":"","_kad_post_layout":"","_kad_post_sidebar_id":"","_kad_post_content_style":"","_kad_post_vertical_padding":"","_kad_post_feature":"","_kad_post_feature_position":"","_kad_post_header":false,"_kad_post_footer":false,"_kad_post_classname":"","_jetpack_memberships_contains_paid_content":false,"footnotes":""},"categories":[7],"tags":[],"class_list":["post-149","post","type-post","status-publish","format-standard","has-post-thumbnail","hentry","category-marruecos"],"yoast_head":"<!-- This site is optimized with the Yoast SEO plugin v27.4 - https:\/\/yoast.com\/product\/yoast-seo-wordpress\/ -->\n<title>\u00bfQu\u00e9 ver en Marrakech? - TravelTheWorldPages<\/title>\n<meta name=\"robots\" content=\"index, follow, max-snippet:-1, max-image-preview:large, max-video-preview:-1\" \/>\n<link rel=\"canonical\" href=\"https:\/\/traveltheworldpages.com\/es\/que-ver-en-marrakech\/\" \/>\n<meta property=\"og:locale\" content=\"en_US\" \/>\n<meta property=\"og:type\" content=\"article\" \/>\n<meta property=\"og:title\" content=\"\u00bfQu\u00e9 ver en Marrakech? - TravelTheWorldPages\" \/>\n<meta property=\"og:description\" content=\"Un laberinto hipn\u00f3tico de peque\u00f1os pasadizos y calles en la vieja Medina, culminando en la agitada plaza de Djemma el Fna te dejar\u00e1n hechizado con esta bella ciudad. Marrakech es sin duda una ciudad m\u00e1gica que recomiendo ver a un paso lento y saboreando cada instante. Si est\u00e1s pregunt\u00e1ndote que ver en Marrakech has venido...\" \/>\n<meta property=\"og:url\" content=\"https:\/\/traveltheworldpages.com\/es\/que-ver-en-marrakech\/\" \/>\n<meta property=\"og:site_name\" content=\"TravelTheWorldPages\" \/>\n<meta property=\"article:published_time\" content=\"2022-04-23T16:16:58+00:00\" \/>\n<meta property=\"article:modified_time\" content=\"2022-04-23T16:26:15+00:00\" \/>\n<meta property=\"og:image\" content=\"https:\/\/traveltheworldpages.com\/es\/wp-content\/uploads\/2022\/04\/Vendedores-ambulantes-en-la-plaza-principal-de-Marrakech.jpg\" \/>\n\t<meta property=\"og:image:width\" content=\"2048\" \/>\n\t<meta property=\"og:image:height\" content=\"1365\" \/>\n\t<meta property=\"og:image:type\" content=\"image\/jpeg\" \/>\n<meta name=\"author\" content=\"Pilar\" \/>\n<meta name=\"twitter:card\" content=\"summary_large_image\" \/>\n<meta name=\"twitter:label1\" content=\"Written by\" \/>\n\t<meta name=\"twitter:data1\" content=\"Pilar\" \/>\n\t<meta name=\"twitter:label2\" content=\"Est. reading time\" \/>\n\t<meta name=\"twitter:data2\" content=\"13 minutes\" \/>\n<script type=\"application\/ld+json\" class=\"yoast-schema-graph\">{\"@context\":\"https:\\\/\\\/schema.org\",\"@graph\":[{\"@type\":\"Article\",\"@id\":\"https:\\\/\\\/traveltheworldpages.com\\\/es\\\/que-ver-en-marrakech\\\/#article\",\"isPartOf\":{\"@id\":\"https:\\\/\\\/traveltheworldpages.com\\\/es\\\/que-ver-en-marrakech\\\/\"},\"author\":{\"name\":\"Pilar\",\"@id\":\"https:\\\/\\\/traveltheworldpages.com\\\/es\\\/#\\\/schema\\\/person\\\/2f4544cb5a5eb6e890418f2fdfaad3aa\"},\"headline\":\"\u00bfQu\u00e9 ver en Marrakech?\",\"datePublished\":\"2022-04-23T16:16:58+00:00\",\"dateModified\":\"2022-04-23T16:26:15+00:00\",\"mainEntityOfPage\":{\"@id\":\"https:\\\/\\\/traveltheworldpages.com\\\/es\\\/que-ver-en-marrakech\\\/\"},\"wordCount\":2287,\"commentCount\":0,\"image\":{\"@id\":\"https:\\\/\\\/traveltheworldpages.com\\\/es\\\/que-ver-en-marrakech\\\/#primaryimage\"},\"thumbnailUrl\":\"https:\\\/\\\/i0.wp.com\\\/traveltheworldpages.com\\\/es\\\/wp-content\\\/uploads\\\/2022\\\/04\\\/Vendedores-ambulantes-en-la-plaza-principal-de-Marrakech.jpg?fit=2048%2C1365&ssl=1\",\"articleSection\":[\"Marruecos\"],\"inLanguage\":\"en-US\",\"potentialAction\":[{\"@type\":\"CommentAction\",\"name\":\"Comment\",\"target\":[\"https:\\\/\\\/traveltheworldpages.com\\\/es\\\/que-ver-en-marrakech\\\/#respond\"]}]},{\"@type\":\"WebPage\",\"@id\":\"https:\\\/\\\/traveltheworldpages.com\\\/es\\\/que-ver-en-marrakech\\\/\",\"url\":\"https:\\\/\\\/traveltheworldpages.com\\\/es\\\/que-ver-en-marrakech\\\/\",\"name\":\"\u00bfQu\u00e9 ver en Marrakech? - TravelTheWorldPages\",\"isPartOf\":{\"@id\":\"https:\\\/\\\/traveltheworldpages.com\\\/es\\\/#website\"},\"primaryImageOfPage\":{\"@id\":\"https:\\\/\\\/traveltheworldpages.com\\\/es\\\/que-ver-en-marrakech\\\/#primaryimage\"},\"image\":{\"@id\":\"https:\\\/\\\/traveltheworldpages.com\\\/es\\\/que-ver-en-marrakech\\\/#primaryimage\"},\"thumbnailUrl\":\"https:\\\/\\\/i0.wp.com\\\/traveltheworldpages.com\\\/es\\\/wp-content\\\/uploads\\\/2022\\\/04\\\/Vendedores-ambulantes-en-la-plaza-principal-de-Marrakech.jpg?fit=2048%2C1365&ssl=1\",\"datePublished\":\"2022-04-23T16:16:58+00:00\",\"dateModified\":\"2022-04-23T16:26:15+00:00\",\"author\":{\"@id\":\"https:\\\/\\\/traveltheworldpages.com\\\/es\\\/#\\\/schema\\\/person\\\/2f4544cb5a5eb6e890418f2fdfaad3aa\"},\"breadcrumb\":{\"@id\":\"https:\\\/\\\/traveltheworldpages.com\\\/es\\\/que-ver-en-marrakech\\\/#breadcrumb\"},\"inLanguage\":\"en-US\",\"potentialAction\":[{\"@type\":\"ReadAction\",\"target\":[\"https:\\\/\\\/traveltheworldpages.com\\\/es\\\/que-ver-en-marrakech\\\/\"]}]},{\"@type\":\"ImageObject\",\"inLanguage\":\"en-US\",\"@id\":\"https:\\\/\\\/traveltheworldpages.com\\\/es\\\/que-ver-en-marrakech\\\/#primaryimage\",\"url\":\"https:\\\/\\\/i0.wp.com\\\/traveltheworldpages.com\\\/es\\\/wp-content\\\/uploads\\\/2022\\\/04\\\/Vendedores-ambulantes-en-la-plaza-principal-de-Marrakech.jpg?fit=2048%2C1365&ssl=1\",\"contentUrl\":\"https:\\\/\\\/i0.wp.com\\\/traveltheworldpages.com\\\/es\\\/wp-content\\\/uploads\\\/2022\\\/04\\\/Vendedores-ambulantes-en-la-plaza-principal-de-Marrakech.jpg?fit=2048%2C1365&ssl=1\",\"width\":2048,\"height\":1365,\"caption\":\"Vendedores ambulantes en la plaza principal en el centro de Marrakech\"},{\"@type\":\"BreadcrumbList\",\"@id\":\"https:\\\/\\\/traveltheworldpages.com\\\/es\\\/que-ver-en-marrakech\\\/#breadcrumb\",\"itemListElement\":[{\"@type\":\"ListItem\",\"position\":1,\"name\":\"Home\",\"item\":\"https:\\\/\\\/traveltheworldpages.com\\\/es\\\/\"},{\"@type\":\"ListItem\",\"position\":2,\"name\":\"\u00bfQu\u00e9 ver en Marrakech?\"}]},{\"@type\":\"WebSite\",\"@id\":\"https:\\\/\\\/traveltheworldpages.com\\\/es\\\/#website\",\"url\":\"https:\\\/\\\/traveltheworldpages.com\\\/es\\\/\",\"name\":\"TravelTheWorldPages\",\"description\":\"Viajes culturales y desarollo personal\",\"potentialAction\":[{\"@type\":\"SearchAction\",\"target\":{\"@type\":\"EntryPoint\",\"urlTemplate\":\"https:\\\/\\\/traveltheworldpages.com\\\/es\\\/?s={search_term_string}\"},\"query-input\":{\"@type\":\"PropertyValueSpecification\",\"valueRequired\":true,\"valueName\":\"search_term_string\"}}],\"inLanguage\":\"en-US\"},{\"@type\":\"Person\",\"@id\":\"https:\\\/\\\/traveltheworldpages.com\\\/es\\\/#\\\/schema\\\/person\\\/2f4544cb5a5eb6e890418f2fdfaad3aa\",\"name\":\"Pilar\",\"image\":{\"@type\":\"ImageObject\",\"inLanguage\":\"en-US\",\"@id\":\"https:\\\/\\\/secure.gravatar.com\\\/avatar\\\/f7db1afd76c18ebe98b08fbbda363a50012fe4f8044999b86fd44136bd3d44e2?s=96&d=mm&r=g\",\"url\":\"https:\\\/\\\/secure.gravatar.com\\\/avatar\\\/f7db1afd76c18ebe98b08fbbda363a50012fe4f8044999b86fd44136bd3d44e2?s=96&d=mm&r=g\",\"contentUrl\":\"https:\\\/\\\/secure.gravatar.com\\\/avatar\\\/f7db1afd76c18ebe98b08fbbda363a50012fe4f8044999b86fd44136bd3d44e2?s=96&d=mm&r=g\",\"caption\":\"Pilar\"},\"sameAs\":[\"https:\\\/\\\/traveltheworldpages.com\\\/es\"],\"url\":\"https:\\\/\\\/traveltheworldpages.com\\\/es\\\/author\\\/admin\\\/\"}]}<\/script>\n<!-- \/ Yoast SEO plugin. -->","yoast_head_json":{"title":"\u00bfQu\u00e9 ver en Marrakech? - TravelTheWorldPages","robots":{"index":"index","follow":"follow","max-snippet":"max-snippet:-1","max-image-preview":"max-image-preview:large","max-video-preview":"max-video-preview:-1"},"canonical":"https:\/\/traveltheworldpages.com\/es\/que-ver-en-marrakech\/","og_locale":"en_US","og_type":"article","og_title":"\u00bfQu\u00e9 ver en Marrakech? - TravelTheWorldPages","og_description":"Un laberinto hipn\u00f3tico de peque\u00f1os pasadizos y calles en la vieja Medina, culminando en la agitada plaza de Djemma el Fna te dejar\u00e1n hechizado con esta bella ciudad. Marrakech es sin duda una ciudad m\u00e1gica que recomiendo ver a un paso lento y saboreando cada instante. Si est\u00e1s pregunt\u00e1ndote que ver en Marrakech has venido...","og_url":"https:\/\/traveltheworldpages.com\/es\/que-ver-en-marrakech\/","og_site_name":"TravelTheWorldPages","article_published_time":"2022-04-23T16:16:58+00:00","article_modified_time":"2022-04-23T16:26:15+00:00","og_image":[{"width":2048,"height":1365,"url":"https:\/\/traveltheworldpages.com\/es\/wp-content\/uploads\/2022\/04\/Vendedores-ambulantes-en-la-plaza-principal-de-Marrakech.jpg","type":"image\/jpeg"}],"author":"Pilar","twitter_card":"summary_large_image","twitter_misc":{"Written by":"Pilar","Est. reading time":"13 minutes"},"schema":{"@context":"https:\/\/schema.org","@graph":[{"@type":"Article","@id":"https:\/\/traveltheworldpages.com\/es\/que-ver-en-marrakech\/#article","isPartOf":{"@id":"https:\/\/traveltheworldpages.com\/es\/que-ver-en-marrakech\/"},"author":{"name":"Pilar","@id":"https:\/\/traveltheworldpages.com\/es\/#\/schema\/person\/2f4544cb5a5eb6e890418f2fdfaad3aa"},"headline":"\u00bfQu\u00e9 ver en Marrakech?","datePublished":"2022-04-23T16:16:58+00:00","dateModified":"2022-04-23T16:26:15+00:00","mainEntityOfPage":{"@id":"https:\/\/traveltheworldpages.com\/es\/que-ver-en-marrakech\/"},"wordCount":2287,"commentCount":0,"image":{"@id":"https:\/\/traveltheworldpages.com\/es\/que-ver-en-marrakech\/#primaryimage"},"thumbnailUrl":"https:\/\/i0.wp.com\/traveltheworldpages.com\/es\/wp-content\/uploads\/2022\/04\/Vendedores-ambulantes-en-la-plaza-principal-de-Marrakech.jpg?fit=2048%2C1365&ssl=1","articleSection":["Marruecos"],"inLanguage":"en-US","potentialAction":[{"@type":"CommentAction","name":"Comment","target":["https:\/\/traveltheworldpages.com\/es\/que-ver-en-marrakech\/#respond"]}]},{"@type":"WebPage","@id":"https:\/\/traveltheworldpages.com\/es\/que-ver-en-marrakech\/","url":"https:\/\/traveltheworldpages.com\/es\/que-ver-en-marrakech\/","name":"\u00bfQu\u00e9 ver en Marrakech? - TravelTheWorldPages","isPartOf":{"@id":"https:\/\/traveltheworldpages.com\/es\/#website"},"primaryImageOfPage":{"@id":"https:\/\/traveltheworldpages.com\/es\/que-ver-en-marrakech\/#primaryimage"},"image":{"@id":"https:\/\/traveltheworldpages.com\/es\/que-ver-en-marrakech\/#primaryimage"},"thumbnailUrl":"https:\/\/i0.wp.com\/traveltheworldpages.com\/es\/wp-content\/uploads\/2022\/04\/Vendedores-ambulantes-en-la-plaza-principal-de-Marrakech.jpg?fit=2048%2C1365&ssl=1","datePublished":"2022-04-23T16:16:58+00:00","dateModified":"2022-04-23T16:26:15+00:00","author":{"@id":"https:\/\/traveltheworldpages.com\/es\/#\/schema\/person\/2f4544cb5a5eb6e890418f2fdfaad3aa"},"breadcrumb":{"@id":"https:\/\/traveltheworldpages.com\/es\/que-ver-en-marrakech\/#breadcrumb"},"inLanguage":"en-US","potentialAction":[{"@type":"ReadAction","target":["https:\/\/traveltheworldpages.com\/es\/que-ver-en-marrakech\/"]}]},{"@type":"ImageObject","inLanguage":"en-US","@id":"https:\/\/traveltheworldpages.com\/es\/que-ver-en-marrakech\/#primaryimage","url":"https:\/\/i0.wp.com\/traveltheworldpages.com\/es\/wp-content\/uploads\/2022\/04\/Vendedores-ambulantes-en-la-plaza-principal-de-Marrakech.jpg?fit=2048%2C1365&ssl=1","contentUrl":"https:\/\/i0.wp.com\/traveltheworldpages.com\/es\/wp-content\/uploads\/2022\/04\/Vendedores-ambulantes-en-la-plaza-principal-de-Marrakech.jpg?fit=2048%2C1365&ssl=1","width":2048,"height":1365,"caption":"Vendedores ambulantes en la plaza principal en el centro de Marrakech"},{"@type":"BreadcrumbList","@id":"https:\/\/traveltheworldpages.com\/es\/que-ver-en-marrakech\/#breadcrumb","itemListElement":[{"@type":"ListItem","position":1,"name":"Home","item":"https:\/\/traveltheworldpages.com\/es\/"},{"@type":"ListItem","position":2,"name":"\u00bfQu\u00e9 ver en Marrakech?"}]},{"@type":"WebSite","@id":"https:\/\/traveltheworldpages.com\/es\/#website","url":"https:\/\/traveltheworldpages.com\/es\/","name":"TravelTheWorldPages","description":"Viajes culturales y desarollo personal","potentialAction":[{"@type":"SearchAction","target":{"@type":"EntryPoint","urlTemplate":"https:\/\/traveltheworldpages.com\/es\/?s={search_term_string}"},"query-input":{"@type":"PropertyValueSpecification","valueRequired":true,"valueName":"search_term_string"}}],"inLanguage":"en-US"},{"@type":"Person","@id":"https:\/\/traveltheworldpages.com\/es\/#\/schema\/person\/2f4544cb5a5eb6e890418f2fdfaad3aa","name":"Pilar","image":{"@type":"ImageObject","inLanguage":"en-US","@id":"https:\/\/secure.gravatar.com\/avatar\/f7db1afd76c18ebe98b08fbbda363a50012fe4f8044999b86fd44136bd3d44e2?s=96&d=mm&r=g","url":"https:\/\/secure.gravatar.com\/avatar\/f7db1afd76c18ebe98b08fbbda363a50012fe4f8044999b86fd44136bd3d44e2?s=96&d=mm&r=g","contentUrl":"https:\/\/secure.gravatar.com\/avatar\/f7db1afd76c18ebe98b08fbbda363a50012fe4f8044999b86fd44136bd3d44e2?s=96&d=mm&r=g","caption":"Pilar"},"sameAs":["https:\/\/traveltheworldpages.com\/es"],"url":"https:\/\/traveltheworldpages.com\/es\/author\/admin\/"}]}},"jetpack_featured_media_url":"https:\/\/i0.wp.com\/traveltheworldpages.com\/es\/wp-content\/uploads\/2022\/04\/Vendedores-ambulantes-en-la-plaza-principal-de-Marrakech.jpg?fit=2048%2C1365&ssl=1","jetpack_sharing_enabled":true,"_links":{"self":[{"href":"https:\/\/traveltheworldpages.com\/es\/wp-json\/wp\/v2\/posts\/149","targetHints":{"allow":["GET"]}}],"collection":[{"href":"https:\/\/traveltheworldpages.com\/es\/wp-json\/wp\/v2\/posts"}],"about":[{"href":"https:\/\/traveltheworldpages.com\/es\/wp-json\/wp\/v2\/types\/post"}],"author":[{"embeddable":true,"href":"https:\/\/traveltheworldpages.com\/es\/wp-json\/wp\/v2\/users\/1"}],"replies":[{"embeddable":true,"href":"https:\/\/traveltheworldpages.com\/es\/wp-json\/wp\/v2\/comments?post=149"}],"version-history":[{"count":5,"href":"https:\/\/traveltheworldpages.com\/es\/wp-json\/wp\/v2\/posts\/149\/revisions"}],"predecessor-version":[{"id":189,"href":"https:\/\/traveltheworldpages.com\/es\/wp-json\/wp\/v2\/posts\/149\/revisions\/189"}],"wp:featuredmedia":[{"embeddable":true,"href":"https:\/\/traveltheworldpages.com\/es\/wp-json\/wp\/v2\/media\/185"}],"wp:attachment":[{"href":"https:\/\/traveltheworldpages.com\/es\/wp-json\/wp\/v2\/media?parent=149"}],"wp:term":[{"taxonomy":"category","embeddable":true,"href":"https:\/\/traveltheworldpages.com\/es\/wp-json\/wp\/v2\/categories?post=149"},{"taxonomy":"post_tag","embeddable":true,"href":"https:\/\/traveltheworldpages.com\/es\/wp-json\/wp\/v2\/tags?post=149"}],"curies":[{"name":"wp","href":"https:\/\/api.w.org\/{rel}","templated":true}]}}