{"id":191,"date":"2022-04-23T17:01:01","date_gmt":"2022-04-23T17:01:01","guid":{"rendered":"https:\/\/traveltheworldpages.com\/es\/?p=191"},"modified":"2022-04-23T17:34:37","modified_gmt":"2022-04-23T17:34:37","slug":"monumentos-y-lugares-de-interes-en-atenas","status":"publish","type":"post","link":"https:\/\/traveltheworldpages.com\/es\/monumentos-y-lugares-de-interes-en-atenas\/","title":{"rendered":"Monumentos y lugares de inter\u00e9s en Atenas"},"content":{"rendered":"\n<p>Mi profesora de historia habla con voz mon\u00f3tona revel\u00e1ndonos los secretos de antiguas civilizaciones. Mientras paso las p\u00e1ginas del libro de historia despreocupada y curiosa anticip\u00e1ndome a la clase. De repente me encuentro con una foto de unas mujers de forma perfecta que sirven de columnas a un edificio antiguo, en lo que parece ser la Acr\u00f3polis, en Atenas. Mi imaginaci\u00f3n se dispara pensando quienes pueden ser estas mujeres. Me parecen seres m\u00e1gicos, quiz\u00e1 hadas o alg\u00fan tipo de deidades. Espero paciente hasta que la profesora llegue a este cap\u00edtulo y nos explique m\u00e1s de lo que aparece en el texto. Durante ese tiempo sue\u00f1o despierta en alg\u00fan di\u00e1 visitar ese lugar sagrado.<\/p>\n\n\n\n<figure class=\"wp-block-image size-large\"><img data-recalc-dims=\"1\" loading=\"lazy\" decoding=\"async\" width=\"1024\" height=\"683\" src=\"https:\/\/i0.wp.com\/traveltheworldpages.com\/es\/wp-content\/uploads\/2022\/04\/Pilar-con-las-Caria%CC%81tides-detra%CC%81s.jpg?resize=1024%2C683&#038;ssl=1\" alt=\"Pilar con las cari\u00e1tides detr\u00e1s\" class=\"wp-image-215\" srcset=\"https:\/\/i0.wp.com\/traveltheworldpages.com\/es\/wp-content\/uploads\/2022\/04\/Pilar-con-las-Caria%CC%81tides-detra%CC%81s.jpg?resize=1024%2C683&amp;ssl=1 1024w, https:\/\/i0.wp.com\/traveltheworldpages.com\/es\/wp-content\/uploads\/2022\/04\/Pilar-con-las-Caria%CC%81tides-detra%CC%81s.jpg?resize=300%2C200&amp;ssl=1 300w, https:\/\/i0.wp.com\/traveltheworldpages.com\/es\/wp-content\/uploads\/2022\/04\/Pilar-con-las-Caria%CC%81tides-detra%CC%81s.jpg?resize=768%2C512&amp;ssl=1 768w, https:\/\/i0.wp.com\/traveltheworldpages.com\/es\/wp-content\/uploads\/2022\/04\/Pilar-con-las-Caria%CC%81tides-detra%CC%81s.jpg?resize=1536%2C1024&amp;ssl=1 1536w, https:\/\/i0.wp.com\/traveltheworldpages.com\/es\/wp-content\/uploads\/2022\/04\/Pilar-con-las-Caria%CC%81tides-detra%CC%81s.jpg?resize=1920%2C1280&amp;ssl=1 1920w, https:\/\/i0.wp.com\/traveltheworldpages.com\/es\/wp-content\/uploads\/2022\/04\/Pilar-con-las-Caria%CC%81tides-detra%CC%81s.jpg?resize=600%2C400&amp;ssl=1 600w, https:\/\/i0.wp.com\/traveltheworldpages.com\/es\/wp-content\/uploads\/2022\/04\/Pilar-con-las-Caria%CC%81tides-detra%CC%81s.jpg?resize=800%2C533&amp;ssl=1 800w, https:\/\/i0.wp.com\/traveltheworldpages.com\/es\/wp-content\/uploads\/2022\/04\/Pilar-con-las-Caria%CC%81tides-detra%CC%81s.jpg?resize=227%2C152&amp;ssl=1 227w, https:\/\/i0.wp.com\/traveltheworldpages.com\/es\/wp-content\/uploads\/2022\/04\/Pilar-con-las-Caria%CC%81tides-detra%CC%81s.jpg?resize=143%2C96&amp;ssl=1 143w, https:\/\/i0.wp.com\/traveltheworldpages.com\/es\/wp-content\/uploads\/2022\/04\/Pilar-con-las-Caria%CC%81tides-detra%CC%81s.jpg?resize=585%2C390&amp;ssl=1 585w, https:\/\/i0.wp.com\/traveltheworldpages.com\/es\/wp-content\/uploads\/2022\/04\/Pilar-con-las-Caria%CC%81tides-detra%CC%81s.jpg?resize=385%2C257&amp;ssl=1 385w, https:\/\/i0.wp.com\/traveltheworldpages.com\/es\/wp-content\/uploads\/2022\/04\/Pilar-con-las-Caria%CC%81tides-detra%CC%81s.jpg?w=2048&amp;ssl=1 2048w\" sizes=\"auto, (max-width: 1024px) 100vw, 1024px\" \/><figcaption>Las cari\u00e1tides<\/figcaption><\/figure>\n\n\n\n<p><\/p>\n\n\n\n<p>La vida continua y me olvida de este sue\u00f1o de ni\u00f1a hasta que a\u00f1os m\u00e1s tarde un viaje de 9 d\u00edas a Atenas hace este sue\u00f1o realidad.<\/p>\n\n\n\n<p><a href=\"#monumentos-y-lugares-de-inter\u00e9s-en-Atenas\">Monumentos y lugares de inter\u00e9s en Atenas<\/a><\/p>\n\n\n\n<p><a href=\"#museo-de-la-acr\u00f3polis\">Museo de la Acr\u00f3polis<\/a><\/p>\n\n\n\n<p><a href=\"#parten\u00f3n\">Parten\u00f3n<\/a><\/p>\n\n\n\n<p><a href=\"#templo-de-Atenea-Nike\">Templo de Atenea Nike<\/a><\/p>\n\n\n\n<p><a href=\"#las-cari\u00e1tides-del-Erecte\u00f3n\">Las Cariatides del Erecte\u00f3n<\/a><\/p>\n\n\n\n<p><a href=\"#ode\u00f3n-de-herodes-\u00e1tico\">Ode\u00f3n de Herodes \u00c1tico<\/a><\/p>\n\n\n\n<p><a href=\"#teatro-de-dionisos\">Teatro de Dionisos<\/a><\/p>\n\n\n\n<p><a href=\"#cementerio-de-keramikos\">Cementerio de Keramikos<\/a><\/p>\n\n\n\n<p><a href=\"#templo-de-hefesto\">Templo de Hefesto<\/a><\/p>\n\n\n\n<p><a href=\"#plaka\">Plaka<\/a><\/p>\n\n\n\n<p><a href=\"#mikrolimano\">MikroLimano<\/a><\/p>\n\n\n\n<p><a href=\"#templo-de-zeus-ol\u00edmpico\">Temple de Zeus Ol\u00edmpico<\/a><\/p>\n\n\n\n<p><a href=\"#templo-de-poseid\u00f3n\">Templo de Poseid\u00f3n<\/a><\/p>\n\n\n\n<p><a href=\"#\u00e1gora-romana\">\u00c1gora romana<\/a><\/p>\n\n\n\n<p><a href=\"#colina-licabeto\">Colina Licabeto<\/a><\/p>\n\n\n\n<h3 class=\"wp-block-heading\" id=\"monumentos-y-lugares-de-inter\u00e9s-en-Atenas\"><span class=\"ez-toc-section\" id=\"Monumentos_y_lugares_de_interes_en_Atenas\"><\/span>Monumentos y lugares de inter\u00e9s en Atenas<span class=\"ez-toc-section-end\"><\/span><\/h3><div id=\"ez-toc-container\" class=\"ez-toc-v2_0_82_2 counter-hierarchy ez-toc-counter ez-toc-grey ez-toc-container-direction\">\n<div class=\"ez-toc-title-container\">\n<p class=\"ez-toc-title\" style=\"cursor:inherit\">Table of Contents<\/p>\n<span class=\"ez-toc-title-toggle\"><a href=\"#\" class=\"ez-toc-pull-right ez-toc-btn ez-toc-btn-xs ez-toc-btn-default ez-toc-toggle\" aria-label=\"Toggle Table of Content\"><span class=\"ez-toc-js-icon-con\"><span class=\"\"><span class=\"eztoc-hide\" style=\"display:none;\">Toggle<\/span><span class=\"ez-toc-icon-toggle-span\"><svg style=\"fill: #999;color:#999\" xmlns=\"http:\/\/www.w3.org\/2000\/svg\" class=\"list-377408\" width=\"20px\" height=\"20px\" viewBox=\"0 0 24 24\" fill=\"none\"><path d=\"M6 6H4v2h2V6zm14 0H8v2h12V6zM4 11h2v2H4v-2zm16 0H8v2h12v-2zM4 16h2v2H4v-2zm16 0H8v2h12v-2z\" fill=\"currentColor\"><\/path><\/svg><svg style=\"fill: #999;color:#999\" class=\"arrow-unsorted-368013\" xmlns=\"http:\/\/www.w3.org\/2000\/svg\" width=\"10px\" height=\"10px\" viewBox=\"0 0 24 24\" version=\"1.2\" baseProfile=\"tiny\"><path d=\"M18.2 9.3l-6.2-6.3-6.2 6.3c-.2.2-.3.4-.3.7s.1.5.3.7c.2.2.4.3.7.3h11c.3 0 .5-.1.7-.3.2-.2.3-.5.3-.7s-.1-.5-.3-.7zM5.8 14.7l6.2 6.3 6.2-6.3c.2-.2.3-.5.3-.7s-.1-.5-.3-.7c-.2-.2-.4-.3-.7-.3h-11c-.3 0-.5.1-.7.3-.2.2-.3.5-.3.7s.1.5.3.7z\"\/><\/svg><\/span><\/span><\/span><\/a><\/span><\/div>\n<nav><ul class='ez-toc-list ez-toc-list-level-1 ' ><li class='ez-toc-page-1 ez-toc-heading-level-3'><a class=\"ez-toc-link ez-toc-heading-1\" href=\"https:\/\/traveltheworldpages.com\/es\/monumentos-y-lugares-de-interes-en-atenas\/#Monumentos_y_lugares_de_interes_en_Atenas\" >Monumentos y lugares de inter\u00e9s en Atenas<\/a><\/li><li class='ez-toc-page-1 ez-toc-heading-level-3'><a class=\"ez-toc-link ez-toc-heading-2\" href=\"https:\/\/traveltheworldpages.com\/es\/monumentos-y-lugares-de-interes-en-atenas\/#Museo_de_la_Acropolis\" >Museo de la Acr\u00f3polis<\/a><\/li><li class='ez-toc-page-1 ez-toc-heading-level-3'><a class=\"ez-toc-link ez-toc-heading-3\" href=\"https:\/\/traveltheworldpages.com\/es\/monumentos-y-lugares-de-interes-en-atenas\/#Partenon\" >Parten\u00f3n<\/a><\/li><li class='ez-toc-page-1 ez-toc-heading-level-3'><a class=\"ez-toc-link ez-toc-heading-4\" href=\"https:\/\/traveltheworldpages.com\/es\/monumentos-y-lugares-de-interes-en-atenas\/#Templo_de_Atenea_Nike\" >Templo de Atenea Nike<\/a><\/li><li class='ez-toc-page-1 ez-toc-heading-level-3'><a class=\"ez-toc-link ez-toc-heading-5\" href=\"https:\/\/traveltheworldpages.com\/es\/monumentos-y-lugares-de-interes-en-atenas\/#Las_Cariatides_del_Erecteon\" >Las Cariatides del Erecte\u00f3n<\/a><\/li><li class='ez-toc-page-1 ez-toc-heading-level-3'><a class=\"ez-toc-link ez-toc-heading-6\" href=\"https:\/\/traveltheworldpages.com\/es\/monumentos-y-lugares-de-interes-en-atenas\/#Odeon_de_Herodes_Atico\" >Ode\u00f3n de Herodes \u00c1tico<\/a><\/li><li class='ez-toc-page-1 ez-toc-heading-level-3'><a class=\"ez-toc-link ez-toc-heading-7\" href=\"https:\/\/traveltheworldpages.com\/es\/monumentos-y-lugares-de-interes-en-atenas\/#Teatro_de_Dionisos\" >Teatro de Dionisos<\/a><\/li><li class='ez-toc-page-1 ez-toc-heading-level-3'><a class=\"ez-toc-link ez-toc-heading-8\" href=\"https:\/\/traveltheworldpages.com\/es\/monumentos-y-lugares-de-interes-en-atenas\/#Cementerio_de_Keramikos\" >Cementerio de Keramikos<\/a><\/li><li class='ez-toc-page-1 ez-toc-heading-level-3'><a class=\"ez-toc-link ez-toc-heading-9\" href=\"https:\/\/traveltheworldpages.com\/es\/monumentos-y-lugares-de-interes-en-atenas\/#Templo_de_Hefesto\" >Templo de Hefesto<\/a><\/li><li class='ez-toc-page-1 ez-toc-heading-level-3'><a class=\"ez-toc-link ez-toc-heading-10\" href=\"https:\/\/traveltheworldpages.com\/es\/monumentos-y-lugares-de-interes-en-atenas\/#Plaka\" >Plaka<\/a><\/li><li class='ez-toc-page-1 ez-toc-heading-level-3'><a class=\"ez-toc-link ez-toc-heading-11\" href=\"https:\/\/traveltheworldpages.com\/es\/monumentos-y-lugares-de-interes-en-atenas\/#MikroLimano\" >MikroLimano<\/a><\/li><li class='ez-toc-page-1 ez-toc-heading-level-3'><a class=\"ez-toc-link ez-toc-heading-12\" href=\"https:\/\/traveltheworldpages.com\/es\/monumentos-y-lugares-de-interes-en-atenas\/#Templo_del_Zeus_Olimpico\" >Templo del Zeus Ol\u00edmpico<\/a><\/li><li class='ez-toc-page-1 ez-toc-heading-level-3'><a class=\"ez-toc-link ez-toc-heading-13\" href=\"https:\/\/traveltheworldpages.com\/es\/monumentos-y-lugares-de-interes-en-atenas\/#Templo_de_Poseidon\" >Templo de Poseid\u00f3n<\/a><\/li><li class='ez-toc-page-1 ez-toc-heading-level-3'><a class=\"ez-toc-link ez-toc-heading-14\" href=\"https:\/\/traveltheworldpages.com\/es\/monumentos-y-lugares-de-interes-en-atenas\/#Agora_romana\" >\u00c1gora romana<\/a><\/li><li class='ez-toc-page-1 ez-toc-heading-level-3'><a class=\"ez-toc-link ez-toc-heading-15\" href=\"https:\/\/traveltheworldpages.com\/es\/monumentos-y-lugares-de-interes-en-atenas\/#Colina_Licabeto\" >Colina Licabeto<\/a><\/li><\/ul><\/nav><\/div>\n\n\n\n\n<p>Atenas, la cuna de la civilization Occidental, el lugar donde se realizaron las primeras obras de teatro y donde surgieron las bases del arte como lo conocemos hoy en d\u00eda. Un sue\u00f1o tanto para el artista, el hombre de ciencia y el te\u00f3logo.<\/p>\n\n\n\n<p>Una visita inolvidable que no te debes perder durante tu visita a Grecia. Grecia es un pa\u00eds muy bello que ofrece muchas maravillas de la naturaleza, pero una visita a los lugares de inter\u00e9s y monumentos en Atenas deber\u00eda estar en lo alto de tu lista de prioridades cuando visites este bello pa\u00eds.<\/p>\n\n\n\n<figure class=\"wp-block-image size-large\"><img data-recalc-dims=\"1\" loading=\"lazy\" decoding=\"async\" width=\"1024\" height=\"683\" src=\"https:\/\/i0.wp.com\/traveltheworldpages.com\/es\/wp-content\/uploads\/2022\/04\/Cementerio-de-Keramikos.jpg?resize=1024%2C683&#038;ssl=1\" alt=\"Cementerio de Keramikos y la colina de la acr\u00f3polis\" class=\"wp-image-211\" srcset=\"https:\/\/i0.wp.com\/traveltheworldpages.com\/es\/wp-content\/uploads\/2022\/04\/Cementerio-de-Keramikos.jpg?resize=1024%2C683&amp;ssl=1 1024w, https:\/\/i0.wp.com\/traveltheworldpages.com\/es\/wp-content\/uploads\/2022\/04\/Cementerio-de-Keramikos.jpg?resize=300%2C200&amp;ssl=1 300w, https:\/\/i0.wp.com\/traveltheworldpages.com\/es\/wp-content\/uploads\/2022\/04\/Cementerio-de-Keramikos.jpg?resize=768%2C512&amp;ssl=1 768w, https:\/\/i0.wp.com\/traveltheworldpages.com\/es\/wp-content\/uploads\/2022\/04\/Cementerio-de-Keramikos.jpg?resize=1536%2C1024&amp;ssl=1 1536w, https:\/\/i0.wp.com\/traveltheworldpages.com\/es\/wp-content\/uploads\/2022\/04\/Cementerio-de-Keramikos.jpg?resize=1920%2C1280&amp;ssl=1 1920w, https:\/\/i0.wp.com\/traveltheworldpages.com\/es\/wp-content\/uploads\/2022\/04\/Cementerio-de-Keramikos.jpg?resize=600%2C400&amp;ssl=1 600w, https:\/\/i0.wp.com\/traveltheworldpages.com\/es\/wp-content\/uploads\/2022\/04\/Cementerio-de-Keramikos.jpg?resize=800%2C533&amp;ssl=1 800w, https:\/\/i0.wp.com\/traveltheworldpages.com\/es\/wp-content\/uploads\/2022\/04\/Cementerio-de-Keramikos.jpg?resize=227%2C152&amp;ssl=1 227w, https:\/\/i0.wp.com\/traveltheworldpages.com\/es\/wp-content\/uploads\/2022\/04\/Cementerio-de-Keramikos.jpg?resize=143%2C96&amp;ssl=1 143w, https:\/\/i0.wp.com\/traveltheworldpages.com\/es\/wp-content\/uploads\/2022\/04\/Cementerio-de-Keramikos.jpg?resize=585%2C390&amp;ssl=1 585w, https:\/\/i0.wp.com\/traveltheworldpages.com\/es\/wp-content\/uploads\/2022\/04\/Cementerio-de-Keramikos.jpg?resize=385%2C257&amp;ssl=1 385w, https:\/\/i0.wp.com\/traveltheworldpages.com\/es\/wp-content\/uploads\/2022\/04\/Cementerio-de-Keramikos.jpg?w=2048&amp;ssl=1 2048w\" sizes=\"auto, (max-width: 1024px) 100vw, 1024px\" \/><figcaption>Cementerio de Keramikos y la colina de la Acr\u00f3polis<\/figcaption><\/figure>\n\n\n\n<p><\/p>\n\n\n\n<p>OJO: Haz un poco de investigaci\u00f3n antes de visitar los monumentos en Atenas, disfrutar\u00e1s mucho m\u00e1s tu visita.<\/p>\n\n\n\n<p>Si tienes carn\u00e9 de estudiante llevalo contigo ya que te permitir\u00e1 entrar gratis a todos los sitios hist\u00f3ricos en Atenas.<\/p>\n\n\n\n<p>Escribo a continuaci\u00f3n un resumen de los lugares de m\u00e1s inter\u00e9s y monumentos que visit\u00e9 en Atenas. Te puedo servir como gu\u00eda para planear un itineraio para tu visita a Atenas.<\/p>\n\n\n\n<h3 class=\"wp-block-heading\" id=\"museo-de-la-acr\u00f3polis\"><span class=\"ez-toc-section\" id=\"Museo_de_la_Acropolis\"><\/span>Museo de la Acr\u00f3polis<span class=\"ez-toc-section-end\"><\/span><\/h3>\n\n\n\n<p>Sugiero empezar tu visita a los lugares de inter\u00e9s y monumentos de Atenas con el museo de la Acr\u00f3polis. Te ayudar\u00e1 a que tu experiencia sea m\u00e1s profunda y all\u00ed podr\u00e1s admirar algunas cosas rescatadas de la Acr\u00f3polis en versi\u00f3n original y de otras ruinas en Grecia.<\/p>\n\n\n\n<figure class=\"wp-block-image size-large\"><img data-recalc-dims=\"1\" loading=\"lazy\" decoding=\"async\" width=\"1024\" height=\"683\" src=\"https:\/\/i0.wp.com\/traveltheworldpages.com\/es\/wp-content\/uploads\/2022\/04\/Pilar-con-las-Caria%CC%81tides-detra%CC%81s.jpg?resize=1024%2C683&#038;ssl=1\" alt=\"Pilar con las cari\u00e1tides detr\u00e1s\" class=\"wp-image-215\" srcset=\"https:\/\/i0.wp.com\/traveltheworldpages.com\/es\/wp-content\/uploads\/2022\/04\/Pilar-con-las-Caria%CC%81tides-detra%CC%81s.jpg?resize=1024%2C683&amp;ssl=1 1024w, https:\/\/i0.wp.com\/traveltheworldpages.com\/es\/wp-content\/uploads\/2022\/04\/Pilar-con-las-Caria%CC%81tides-detra%CC%81s.jpg?resize=300%2C200&amp;ssl=1 300w, https:\/\/i0.wp.com\/traveltheworldpages.com\/es\/wp-content\/uploads\/2022\/04\/Pilar-con-las-Caria%CC%81tides-detra%CC%81s.jpg?resize=768%2C512&amp;ssl=1 768w, https:\/\/i0.wp.com\/traveltheworldpages.com\/es\/wp-content\/uploads\/2022\/04\/Pilar-con-las-Caria%CC%81tides-detra%CC%81s.jpg?resize=1536%2C1024&amp;ssl=1 1536w, https:\/\/i0.wp.com\/traveltheworldpages.com\/es\/wp-content\/uploads\/2022\/04\/Pilar-con-las-Caria%CC%81tides-detra%CC%81s.jpg?resize=1920%2C1280&amp;ssl=1 1920w, https:\/\/i0.wp.com\/traveltheworldpages.com\/es\/wp-content\/uploads\/2022\/04\/Pilar-con-las-Caria%CC%81tides-detra%CC%81s.jpg?resize=600%2C400&amp;ssl=1 600w, https:\/\/i0.wp.com\/traveltheworldpages.com\/es\/wp-content\/uploads\/2022\/04\/Pilar-con-las-Caria%CC%81tides-detra%CC%81s.jpg?resize=800%2C533&amp;ssl=1 800w, https:\/\/i0.wp.com\/traveltheworldpages.com\/es\/wp-content\/uploads\/2022\/04\/Pilar-con-las-Caria%CC%81tides-detra%CC%81s.jpg?resize=227%2C152&amp;ssl=1 227w, https:\/\/i0.wp.com\/traveltheworldpages.com\/es\/wp-content\/uploads\/2022\/04\/Pilar-con-las-Caria%CC%81tides-detra%CC%81s.jpg?resize=143%2C96&amp;ssl=1 143w, https:\/\/i0.wp.com\/traveltheworldpages.com\/es\/wp-content\/uploads\/2022\/04\/Pilar-con-las-Caria%CC%81tides-detra%CC%81s.jpg?resize=585%2C390&amp;ssl=1 585w, https:\/\/i0.wp.com\/traveltheworldpages.com\/es\/wp-content\/uploads\/2022\/04\/Pilar-con-las-Caria%CC%81tides-detra%CC%81s.jpg?resize=385%2C257&amp;ssl=1 385w, https:\/\/i0.wp.com\/traveltheworldpages.com\/es\/wp-content\/uploads\/2022\/04\/Pilar-con-las-Caria%CC%81tides-detra%CC%81s.jpg?w=2048&amp;ssl=1 2048w\" sizes=\"auto, (max-width: 1024px) 100vw, 1024px\" \/><figcaption>Pilar con las Cari\u00e1tides en el museo de la Acr\u00f3polis<\/figcaption><\/figure>\n\n\n\n<p><\/p>\n\n\n\n<p>El museo de la Acr\u00f3polis est\u00e1 situado en una de las laderas de la Acr\u00f3polis a 280 metros del Partenon.<\/p>\n\n\n\n<h3 class=\"wp-block-heading\" id=\"parten\u00f3n\"><span class=\"ez-toc-section\" id=\"Partenon\"><\/span>Parten\u00f3n<span class=\"ez-toc-section-end\"><\/span><\/h3>\n\n\n\n<p>El Parten\u00f3n est\u00e1 localizado en la Acr\u00f3polis y se puede visitar en combinaci\u00f3n con otros de los monumentos que est\u00e1 all\u00ed.<\/p>\n\n\n\n<p>El Parten\u00f3n es el monumento m\u00e1s ic\u00f3nico de la Acr\u00f3polis y de Atenas. Su construcci\u00f3n se dedic\u00f3 a la diosa Atena y su construcci\u00f3n se complete sobre el a\u00f1o 438 A.C.<\/p>\n\n\n\n<figure class=\"wp-block-image size-large\"><img data-recalc-dims=\"1\" loading=\"lazy\" decoding=\"async\" width=\"1024\" height=\"683\" src=\"https:\/\/i0.wp.com\/traveltheworldpages.com\/es\/wp-content\/uploads\/2022\/04\/Pilar-en-frente-del-Parteno%CC%81n.jpg?resize=1024%2C683&#038;ssl=1\" alt=\"Pilar en el parten\u00f3n\" class=\"wp-image-217\" srcset=\"https:\/\/i0.wp.com\/traveltheworldpages.com\/es\/wp-content\/uploads\/2022\/04\/Pilar-en-frente-del-Parteno%CC%81n.jpg?resize=1024%2C683&amp;ssl=1 1024w, https:\/\/i0.wp.com\/traveltheworldpages.com\/es\/wp-content\/uploads\/2022\/04\/Pilar-en-frente-del-Parteno%CC%81n.jpg?resize=300%2C200&amp;ssl=1 300w, https:\/\/i0.wp.com\/traveltheworldpages.com\/es\/wp-content\/uploads\/2022\/04\/Pilar-en-frente-del-Parteno%CC%81n.jpg?resize=768%2C512&amp;ssl=1 768w, https:\/\/i0.wp.com\/traveltheworldpages.com\/es\/wp-content\/uploads\/2022\/04\/Pilar-en-frente-del-Parteno%CC%81n.jpg?resize=1536%2C1024&amp;ssl=1 1536w, https:\/\/i0.wp.com\/traveltheworldpages.com\/es\/wp-content\/uploads\/2022\/04\/Pilar-en-frente-del-Parteno%CC%81n.jpg?resize=1920%2C1280&amp;ssl=1 1920w, https:\/\/i0.wp.com\/traveltheworldpages.com\/es\/wp-content\/uploads\/2022\/04\/Pilar-en-frente-del-Parteno%CC%81n.jpg?resize=600%2C400&amp;ssl=1 600w, https:\/\/i0.wp.com\/traveltheworldpages.com\/es\/wp-content\/uploads\/2022\/04\/Pilar-en-frente-del-Parteno%CC%81n.jpg?resize=800%2C533&amp;ssl=1 800w, https:\/\/i0.wp.com\/traveltheworldpages.com\/es\/wp-content\/uploads\/2022\/04\/Pilar-en-frente-del-Parteno%CC%81n.jpg?resize=227%2C152&amp;ssl=1 227w, https:\/\/i0.wp.com\/traveltheworldpages.com\/es\/wp-content\/uploads\/2022\/04\/Pilar-en-frente-del-Parteno%CC%81n.jpg?resize=143%2C96&amp;ssl=1 143w, https:\/\/i0.wp.com\/traveltheworldpages.com\/es\/wp-content\/uploads\/2022\/04\/Pilar-en-frente-del-Parteno%CC%81n.jpg?resize=585%2C390&amp;ssl=1 585w, https:\/\/i0.wp.com\/traveltheworldpages.com\/es\/wp-content\/uploads\/2022\/04\/Pilar-en-frente-del-Parteno%CC%81n.jpg?resize=385%2C257&amp;ssl=1 385w, https:\/\/i0.wp.com\/traveltheworldpages.com\/es\/wp-content\/uploads\/2022\/04\/Pilar-en-frente-del-Parteno%CC%81n.jpg?w=2048&amp;ssl=1 2048w\" sizes=\"auto, (max-width: 1024px) 100vw, 1024px\" \/><figcaption>Pilar en el Parten\u00f3n<\/figcaption><\/figure>\n\n\n\n<p>Se le considea un s\u00edmbolo de la democracia Griega y de la civilizaci\u00f3n Occidental y ha servido diferentes funciones a lo largo de los a\u00f1os. Lleg\u00f3 incluse a ser una mezquita isl\u00e1mica cuando los turcos invadieron Atenas en el siglo XV<\/p>\n\n\n\n<h3 class=\"wp-block-heading\" id=\"templo-de-Atenea-Nike\"><span class=\"ez-toc-section\" id=\"Templo_de_Atenea_Nike\"><\/span>Templo de Atenea Nike<span class=\"ez-toc-section-end\"><\/span><\/h3>\n\n\n\n<p>Este otro templo ic\u00f3nico de la Acr\u00f3polis y est\u00e1 situado en la entrada Sudoeste.<\/p>\n\n\n\n<p>El templo se contruy\u00f3 sobre el a\u00f1o 420 A.C. y se dedic\u00f3 a la diosa Atena y Nike. Atena es la diosa de la guerra y Nike la diosa de la victoria.<\/p>\n\n\n\n<h3 class=\"wp-block-heading\" id=\"las-cari\u00e1tides-del-Erecte\u00f3n\"><span class=\"ez-toc-section\" id=\"Las_Cariatides_del_Erecteon\"><\/span>Las Cariatides del Erecte\u00f3n<span class=\"ez-toc-section-end\"><\/span><\/h3>\n\n\n\n<p>El templo de las Cariatides de Erecte\u00f3n es un templo dedicadoo a Atena y Poseid\u00f3n localizado en la parte Norte de la Acr\u00f3polis.<\/p>\n\n\n\n<p>Las famosas Cariatides que me hicieron so\u00f1ar de ni\u00f1a est\u00e1n localizadas en lo que se llama el \u201cP\u00f3rtico de Erecte\u00f3n\u201d Las columnas del templo no son las originales, son r\u00e9plicas. Las originales se encuentran protegidas en el interior el museo de la Acr\u00f3polis.<\/p>\n\n\n\n<figure class=\"wp-block-image size-large\"><img data-recalc-dims=\"1\" loading=\"lazy\" decoding=\"async\" width=\"1024\" height=\"683\" src=\"https:\/\/i0.wp.com\/traveltheworldpages.com\/es\/wp-content\/uploads\/2022\/04\/Pilar-con-las-Caria%CC%81tides-detra%CC%81s.jpg?resize=1024%2C683&#038;ssl=1\" alt=\"Pilar con las cari\u00e1tides detr\u00e1s\" class=\"wp-image-215\" srcset=\"https:\/\/i0.wp.com\/traveltheworldpages.com\/es\/wp-content\/uploads\/2022\/04\/Pilar-con-las-Caria%CC%81tides-detra%CC%81s.jpg?resize=1024%2C683&amp;ssl=1 1024w, https:\/\/i0.wp.com\/traveltheworldpages.com\/es\/wp-content\/uploads\/2022\/04\/Pilar-con-las-Caria%CC%81tides-detra%CC%81s.jpg?resize=300%2C200&amp;ssl=1 300w, https:\/\/i0.wp.com\/traveltheworldpages.com\/es\/wp-content\/uploads\/2022\/04\/Pilar-con-las-Caria%CC%81tides-detra%CC%81s.jpg?resize=768%2C512&amp;ssl=1 768w, https:\/\/i0.wp.com\/traveltheworldpages.com\/es\/wp-content\/uploads\/2022\/04\/Pilar-con-las-Caria%CC%81tides-detra%CC%81s.jpg?resize=1536%2C1024&amp;ssl=1 1536w, https:\/\/i0.wp.com\/traveltheworldpages.com\/es\/wp-content\/uploads\/2022\/04\/Pilar-con-las-Caria%CC%81tides-detra%CC%81s.jpg?resize=1920%2C1280&amp;ssl=1 1920w, https:\/\/i0.wp.com\/traveltheworldpages.com\/es\/wp-content\/uploads\/2022\/04\/Pilar-con-las-Caria%CC%81tides-detra%CC%81s.jpg?resize=600%2C400&amp;ssl=1 600w, https:\/\/i0.wp.com\/traveltheworldpages.com\/es\/wp-content\/uploads\/2022\/04\/Pilar-con-las-Caria%CC%81tides-detra%CC%81s.jpg?resize=800%2C533&amp;ssl=1 800w, https:\/\/i0.wp.com\/traveltheworldpages.com\/es\/wp-content\/uploads\/2022\/04\/Pilar-con-las-Caria%CC%81tides-detra%CC%81s.jpg?resize=227%2C152&amp;ssl=1 227w, https:\/\/i0.wp.com\/traveltheworldpages.com\/es\/wp-content\/uploads\/2022\/04\/Pilar-con-las-Caria%CC%81tides-detra%CC%81s.jpg?resize=143%2C96&amp;ssl=1 143w, https:\/\/i0.wp.com\/traveltheworldpages.com\/es\/wp-content\/uploads\/2022\/04\/Pilar-con-las-Caria%CC%81tides-detra%CC%81s.jpg?resize=585%2C390&amp;ssl=1 585w, https:\/\/i0.wp.com\/traveltheworldpages.com\/es\/wp-content\/uploads\/2022\/04\/Pilar-con-las-Caria%CC%81tides-detra%CC%81s.jpg?resize=385%2C257&amp;ssl=1 385w, https:\/\/i0.wp.com\/traveltheworldpages.com\/es\/wp-content\/uploads\/2022\/04\/Pilar-con-las-Caria%CC%81tides-detra%CC%81s.jpg?w=2048&amp;ssl=1 2048w\" sizes=\"auto, (max-width: 1024px) 100vw, 1024px\" \/><figcaption>Cariatides, las mujeres columna<\/figcaption><\/figure>\n\n\n\n<p><\/p>\n\n\n\n<p>Hay varias teor\u00edas que postulan que representan est\u00e1s mujeres, siendo la m\u00e1s aceptada que representan el castigo de las mujeres de Caryae despu\u00e9s de haber derrotado a Atena,<\/p>\n\n\n\n<figure class=\"wp-block-image size-large\"><img data-recalc-dims=\"1\" loading=\"lazy\" decoding=\"async\" width=\"1024\" height=\"683\" src=\"https:\/\/i0.wp.com\/traveltheworldpages.com\/es\/wp-content\/uploads\/2022\/04\/Caria%CC%81tides.jpg?resize=1024%2C683&#038;ssl=1\" alt=\"Las cari\u00e1tides\" class=\"wp-image-208\" srcset=\"https:\/\/i0.wp.com\/traveltheworldpages.com\/es\/wp-content\/uploads\/2022\/04\/Caria%CC%81tides.jpg?resize=1024%2C683&amp;ssl=1 1024w, https:\/\/i0.wp.com\/traveltheworldpages.com\/es\/wp-content\/uploads\/2022\/04\/Caria%CC%81tides.jpg?resize=300%2C200&amp;ssl=1 300w, https:\/\/i0.wp.com\/traveltheworldpages.com\/es\/wp-content\/uploads\/2022\/04\/Caria%CC%81tides.jpg?resize=768%2C512&amp;ssl=1 768w, https:\/\/i0.wp.com\/traveltheworldpages.com\/es\/wp-content\/uploads\/2022\/04\/Caria%CC%81tides.jpg?resize=1536%2C1024&amp;ssl=1 1536w, https:\/\/i0.wp.com\/traveltheworldpages.com\/es\/wp-content\/uploads\/2022\/04\/Caria%CC%81tides.jpg?resize=1920%2C1280&amp;ssl=1 1920w, https:\/\/i0.wp.com\/traveltheworldpages.com\/es\/wp-content\/uploads\/2022\/04\/Caria%CC%81tides.jpg?resize=600%2C400&amp;ssl=1 600w, https:\/\/i0.wp.com\/traveltheworldpages.com\/es\/wp-content\/uploads\/2022\/04\/Caria%CC%81tides.jpg?resize=800%2C533&amp;ssl=1 800w, https:\/\/i0.wp.com\/traveltheworldpages.com\/es\/wp-content\/uploads\/2022\/04\/Caria%CC%81tides.jpg?resize=227%2C152&amp;ssl=1 227w, https:\/\/i0.wp.com\/traveltheworldpages.com\/es\/wp-content\/uploads\/2022\/04\/Caria%CC%81tides.jpg?resize=143%2C96&amp;ssl=1 143w, https:\/\/i0.wp.com\/traveltheworldpages.com\/es\/wp-content\/uploads\/2022\/04\/Caria%CC%81tides.jpg?resize=585%2C390&amp;ssl=1 585w, https:\/\/i0.wp.com\/traveltheworldpages.com\/es\/wp-content\/uploads\/2022\/04\/Caria%CC%81tides.jpg?resize=385%2C257&amp;ssl=1 385w, https:\/\/i0.wp.com\/traveltheworldpages.com\/es\/wp-content\/uploads\/2022\/04\/Caria%CC%81tides.jpg?w=2048&amp;ssl=1 2048w\" sizes=\"auto, (max-width: 1024px) 100vw, 1024px\" \/><figcaption>Cari\u00e1tides<\/figcaption><\/figure>\n\n\n\n<h3 class=\"wp-block-heading\" id=\"ode\u00f3n-de-herodes-\u00e1tico\"><span class=\"ez-toc-section\" id=\"Odeon_de_Herodes_Atico\"><\/span>Ode\u00f3n de Herodes \u00c1tico<span class=\"ez-toc-section-end\"><\/span><\/h3>\n\n\n\n<p>Este teatro fue contru\u00eddo por Ode\u00f3n de Herodes de \u00c1tico y completado en el a\u00f1o 161 D.C Est\u00e1 localizado en una de las laderas de la Acr\u00f3polis<\/p>\n\n\n\n<p>Todav\u00eda se usa hoy en d\u00eda como lugar de eventos durante el festival anual de Atenas.<\/p>\n\n\n\n<figure class=\"wp-block-image size-large\"><img data-recalc-dims=\"1\" loading=\"lazy\" decoding=\"async\" width=\"1024\" height=\"683\" src=\"https:\/\/i0.wp.com\/traveltheworldpages.com\/es\/wp-content\/uploads\/2022\/04\/Odeon-de-Herodes.jpg?resize=1024%2C683&#038;ssl=1\" alt=\"Ode\u00f3de Herodes vista desde arriba\" class=\"wp-image-214\" srcset=\"https:\/\/i0.wp.com\/traveltheworldpages.com\/es\/wp-content\/uploads\/2022\/04\/Odeon-de-Herodes.jpg?resize=1024%2C683&amp;ssl=1 1024w, https:\/\/i0.wp.com\/traveltheworldpages.com\/es\/wp-content\/uploads\/2022\/04\/Odeon-de-Herodes.jpg?resize=300%2C200&amp;ssl=1 300w, https:\/\/i0.wp.com\/traveltheworldpages.com\/es\/wp-content\/uploads\/2022\/04\/Odeon-de-Herodes.jpg?resize=768%2C512&amp;ssl=1 768w, https:\/\/i0.wp.com\/traveltheworldpages.com\/es\/wp-content\/uploads\/2022\/04\/Odeon-de-Herodes.jpg?resize=1536%2C1024&amp;ssl=1 1536w, https:\/\/i0.wp.com\/traveltheworldpages.com\/es\/wp-content\/uploads\/2022\/04\/Odeon-de-Herodes.jpg?resize=1920%2C1280&amp;ssl=1 1920w, https:\/\/i0.wp.com\/traveltheworldpages.com\/es\/wp-content\/uploads\/2022\/04\/Odeon-de-Herodes.jpg?resize=600%2C400&amp;ssl=1 600w, https:\/\/i0.wp.com\/traveltheworldpages.com\/es\/wp-content\/uploads\/2022\/04\/Odeon-de-Herodes.jpg?resize=800%2C533&amp;ssl=1 800w, https:\/\/i0.wp.com\/traveltheworldpages.com\/es\/wp-content\/uploads\/2022\/04\/Odeon-de-Herodes.jpg?resize=227%2C152&amp;ssl=1 227w, https:\/\/i0.wp.com\/traveltheworldpages.com\/es\/wp-content\/uploads\/2022\/04\/Odeon-de-Herodes.jpg?resize=143%2C96&amp;ssl=1 143w, https:\/\/i0.wp.com\/traveltheworldpages.com\/es\/wp-content\/uploads\/2022\/04\/Odeon-de-Herodes.jpg?resize=585%2C390&amp;ssl=1 585w, https:\/\/i0.wp.com\/traveltheworldpages.com\/es\/wp-content\/uploads\/2022\/04\/Odeon-de-Herodes.jpg?resize=385%2C257&amp;ssl=1 385w, https:\/\/i0.wp.com\/traveltheworldpages.com\/es\/wp-content\/uploads\/2022\/04\/Odeon-de-Herodes.jpg?w=2048&amp;ssl=1 2048w\" sizes=\"auto, (max-width: 1024px) 100vw, 1024px\" \/><figcaption>Ode\u00f3n de Herodes \u00c1tico<\/figcaption><\/figure>\n\n\n\n<h3 class=\"wp-block-heading\" id=\"teatro-de-dionisos\"><span class=\"ez-toc-section\" id=\"Teatro_de_Dionisos\"><\/span>Teatro de Dionisos<span class=\"ez-toc-section-end\"><\/span><\/h3>\n\n\n\n<p>El teatro de Dionisos est\u00e1 localizado en la ladera Sur de la Acr\u00f3polis y se contruy\u00f3 alrededor del siglo sexto A.C.<\/p>\n\n\n\n<p>El teatro es parte del santuario de Dionisos es donde se representaron las primeras obras de teatro.<\/p>\n\n\n\n<p>Fuero la cuna de la M\u00fasica y las artes de la civilizaci\u00f3n Occidental.<\/p>\n\n\n\n<figure class=\"wp-block-image size-large\"><img data-recalc-dims=\"1\" loading=\"lazy\" decoding=\"async\" width=\"1024\" height=\"683\" src=\"https:\/\/i0.wp.com\/traveltheworldpages.com\/es\/wp-content\/uploads\/2022\/04\/Teatro-de-Dionisos.jpg?resize=1024%2C683&#038;ssl=1\" alt=\"Pilar en el teatro de Dionisos a la entrada de la acr\u00f3polis\" class=\"wp-image-218\" srcset=\"https:\/\/i0.wp.com\/traveltheworldpages.com\/es\/wp-content\/uploads\/2022\/04\/Teatro-de-Dionisos.jpg?resize=1024%2C683&amp;ssl=1 1024w, https:\/\/i0.wp.com\/traveltheworldpages.com\/es\/wp-content\/uploads\/2022\/04\/Teatro-de-Dionisos.jpg?resize=300%2C200&amp;ssl=1 300w, https:\/\/i0.wp.com\/traveltheworldpages.com\/es\/wp-content\/uploads\/2022\/04\/Teatro-de-Dionisos.jpg?resize=768%2C512&amp;ssl=1 768w, https:\/\/i0.wp.com\/traveltheworldpages.com\/es\/wp-content\/uploads\/2022\/04\/Teatro-de-Dionisos.jpg?resize=1536%2C1024&amp;ssl=1 1536w, https:\/\/i0.wp.com\/traveltheworldpages.com\/es\/wp-content\/uploads\/2022\/04\/Teatro-de-Dionisos.jpg?resize=1920%2C1280&amp;ssl=1 1920w, https:\/\/i0.wp.com\/traveltheworldpages.com\/es\/wp-content\/uploads\/2022\/04\/Teatro-de-Dionisos.jpg?resize=600%2C400&amp;ssl=1 600w, https:\/\/i0.wp.com\/traveltheworldpages.com\/es\/wp-content\/uploads\/2022\/04\/Teatro-de-Dionisos.jpg?resize=800%2C533&amp;ssl=1 800w, https:\/\/i0.wp.com\/traveltheworldpages.com\/es\/wp-content\/uploads\/2022\/04\/Teatro-de-Dionisos.jpg?resize=227%2C152&amp;ssl=1 227w, https:\/\/i0.wp.com\/traveltheworldpages.com\/es\/wp-content\/uploads\/2022\/04\/Teatro-de-Dionisos.jpg?resize=143%2C96&amp;ssl=1 143w, https:\/\/i0.wp.com\/traveltheworldpages.com\/es\/wp-content\/uploads\/2022\/04\/Teatro-de-Dionisos.jpg?resize=585%2C390&amp;ssl=1 585w, https:\/\/i0.wp.com\/traveltheworldpages.com\/es\/wp-content\/uploads\/2022\/04\/Teatro-de-Dionisos.jpg?resize=385%2C257&amp;ssl=1 385w, https:\/\/i0.wp.com\/traveltheworldpages.com\/es\/wp-content\/uploads\/2022\/04\/Teatro-de-Dionisos.jpg?w=2048&amp;ssl=1 2048w\" sizes=\"auto, (max-width: 1024px) 100vw, 1024px\" \/><figcaption>Pilar en el teatro de Dionisos.<\/figcaption><\/figure>\n\n\n\n<p>Todav\u00eda puedes sentarte en las sillas de piedra originales donde se sentaban los espectadores de las obras de teatro de la antiguedad. Es posible tambi\u00e9n caminar por lo que era el escenario y sentir la energ\u00eda ancestral de este magnifico lugar.<\/p>\n\n\n\n<p>Cuando estudi\u00e9 historia Dionisos fue uno de los Dioses que m\u00e1s me fascino ya que su culto fue lo que dio origen a las artes esc\u00e9nicas y la m\u00fasica.<\/p>\n\n\n\n<p>.<\/p>\n\n\n\n<h3 class=\"wp-block-heading\" id=\"cementerio-de-keramikos\"><span class=\"ez-toc-section\" id=\"Cementerio_de_Keramikos\"><\/span>Cementerio de Keramikos<span class=\"ez-toc-section-end\"><\/span><\/h3>\n\n\n\n<p>El cementerio de Keramikos no es tan conocido como la Acr\u00f3polis pero es una joya que no deber\u00edas perderte. Est\u00e1 localizado muy cerca de la Acr\u00f3polis y no tardar\u00e1s mucho tiempo en visitarlo.<\/p>\n\n\n\n<p>El cementerio del Keramikos era el cementerio de la antigua Atenas y estuvo continuamente en uso desde el siglo iX D.C hasta los tiempos romanos.<\/p>\n\n\n\n<p>Hay dos hip\u00f3tesis sobre el significado de su nombre. La primera es que viene del nombre \u201d Keramas\u201d; que significa cer\u00e1mica en griego debido a los numerosos talleres de alfarer\u00eda que exist\u00edan en el area antes de que se convirtiese en un cementerio. La otra explicaci\u00f3n es que el nombre viene de el hijo de Dionisos y h\u00e9roe local, Keramas.<\/p>\n\n\n\n<h3 class=\"wp-block-heading\" id=\"templo-de-hefesto\"><span class=\"ez-toc-section\" id=\"Templo_de_Hefesto\"><\/span>Templo de Hefesto<span class=\"ez-toc-section-end\"><\/span><\/h3>\n\n\n\n<p>Este templo est\u00e1 localizado en al parte Noroeste de la \u00c1gora romana y muy cerca del cementerio de Keramikos.<\/p>\n\n\n\n<p>Es un templo de estilo D\u00f3rico dedicado al Dios Hefestos. Hefestos era el patr\u00f3n del oro, de la artesan\u00eda y el fuego.<\/p>\n\n\n\n<figure class=\"wp-block-image size-large\"><img data-recalc-dims=\"1\" loading=\"lazy\" decoding=\"async\" width=\"1024\" height=\"683\" src=\"https:\/\/i0.wp.com\/traveltheworldpages.com\/es\/wp-content\/uploads\/2022\/04\/Templo-de-Hephaestus.jpg?resize=1024%2C683&#038;ssl=1\" alt=\"Pilar con un vestido negro y el templo de Hefesto detr\u00e1s\" class=\"wp-image-219\" srcset=\"https:\/\/i0.wp.com\/traveltheworldpages.com\/es\/wp-content\/uploads\/2022\/04\/Templo-de-Hephaestus.jpg?resize=1024%2C683&amp;ssl=1 1024w, https:\/\/i0.wp.com\/traveltheworldpages.com\/es\/wp-content\/uploads\/2022\/04\/Templo-de-Hephaestus.jpg?resize=300%2C200&amp;ssl=1 300w, https:\/\/i0.wp.com\/traveltheworldpages.com\/es\/wp-content\/uploads\/2022\/04\/Templo-de-Hephaestus.jpg?resize=768%2C512&amp;ssl=1 768w, https:\/\/i0.wp.com\/traveltheworldpages.com\/es\/wp-content\/uploads\/2022\/04\/Templo-de-Hephaestus.jpg?resize=1536%2C1024&amp;ssl=1 1536w, https:\/\/i0.wp.com\/traveltheworldpages.com\/es\/wp-content\/uploads\/2022\/04\/Templo-de-Hephaestus.jpg?resize=1920%2C1280&amp;ssl=1 1920w, https:\/\/i0.wp.com\/traveltheworldpages.com\/es\/wp-content\/uploads\/2022\/04\/Templo-de-Hephaestus.jpg?resize=600%2C400&amp;ssl=1 600w, https:\/\/i0.wp.com\/traveltheworldpages.com\/es\/wp-content\/uploads\/2022\/04\/Templo-de-Hephaestus.jpg?resize=800%2C533&amp;ssl=1 800w, https:\/\/i0.wp.com\/traveltheworldpages.com\/es\/wp-content\/uploads\/2022\/04\/Templo-de-Hephaestus.jpg?resize=227%2C152&amp;ssl=1 227w, https:\/\/i0.wp.com\/traveltheworldpages.com\/es\/wp-content\/uploads\/2022\/04\/Templo-de-Hephaestus.jpg?resize=143%2C96&amp;ssl=1 143w, https:\/\/i0.wp.com\/traveltheworldpages.com\/es\/wp-content\/uploads\/2022\/04\/Templo-de-Hephaestus.jpg?resize=585%2C390&amp;ssl=1 585w, https:\/\/i0.wp.com\/traveltheworldpages.com\/es\/wp-content\/uploads\/2022\/04\/Templo-de-Hephaestus.jpg?resize=385%2C257&amp;ssl=1 385w, https:\/\/i0.wp.com\/traveltheworldpages.com\/es\/wp-content\/uploads\/2022\/04\/Templo-de-Hephaestus.jpg?w=2048&amp;ssl=1 2048w\" sizes=\"auto, (max-width: 1024px) 100vw, 1024px\" \/><figcaption>Pilar en el templo de Hefesto<\/figcaption><\/figure>\n\n\n\n<p>Hay bastantes tiendas que trabajan el metal en la proximidad del templo. El templo est\u00e1 casi intacto.<\/p>\n\n\n\n<h3 class=\"wp-block-heading\" id=\"plaka\"><span class=\"ez-toc-section\" id=\"Plaka\"><\/span>Plaka<span class=\"ez-toc-section-end\"><\/span><\/h3>\n\n\n\n<p>Plaka tambi\u00e9n es conocida como el barrio de los dioses, debido a su proximidad con la Acr\u00f3polis. Plaka se construy\u00f3 en el \u00e1rea residencial de la antigua ciudad de Atenas y sus edificios con en su mayor\u00eda de estilo Neocl\u00e1sico.<\/p>\n\n\n\n<figure class=\"wp-block-image size-large\"><img data-recalc-dims=\"1\" loading=\"lazy\" decoding=\"async\" width=\"1024\" height=\"683\" src=\"https:\/\/i0.wp.com\/traveltheworldpages.com\/es\/wp-content\/uploads\/2022\/04\/Graffitis-en-Plaka.jpg?resize=1024%2C683&#038;ssl=1\" alt=\"Graffitis en Plaka\" class=\"wp-image-213\" srcset=\"https:\/\/i0.wp.com\/traveltheworldpages.com\/es\/wp-content\/uploads\/2022\/04\/Graffitis-en-Plaka.jpg?resize=1024%2C683&amp;ssl=1 1024w, https:\/\/i0.wp.com\/traveltheworldpages.com\/es\/wp-content\/uploads\/2022\/04\/Graffitis-en-Plaka.jpg?resize=300%2C200&amp;ssl=1 300w, https:\/\/i0.wp.com\/traveltheworldpages.com\/es\/wp-content\/uploads\/2022\/04\/Graffitis-en-Plaka.jpg?resize=768%2C512&amp;ssl=1 768w, https:\/\/i0.wp.com\/traveltheworldpages.com\/es\/wp-content\/uploads\/2022\/04\/Graffitis-en-Plaka.jpg?resize=1536%2C1024&amp;ssl=1 1536w, https:\/\/i0.wp.com\/traveltheworldpages.com\/es\/wp-content\/uploads\/2022\/04\/Graffitis-en-Plaka.jpg?resize=1920%2C1280&amp;ssl=1 1920w, https:\/\/i0.wp.com\/traveltheworldpages.com\/es\/wp-content\/uploads\/2022\/04\/Graffitis-en-Plaka.jpg?resize=600%2C400&amp;ssl=1 600w, https:\/\/i0.wp.com\/traveltheworldpages.com\/es\/wp-content\/uploads\/2022\/04\/Graffitis-en-Plaka.jpg?resize=800%2C533&amp;ssl=1 800w, https:\/\/i0.wp.com\/traveltheworldpages.com\/es\/wp-content\/uploads\/2022\/04\/Graffitis-en-Plaka.jpg?resize=227%2C152&amp;ssl=1 227w, https:\/\/i0.wp.com\/traveltheworldpages.com\/es\/wp-content\/uploads\/2022\/04\/Graffitis-en-Plaka.jpg?resize=143%2C96&amp;ssl=1 143w, https:\/\/i0.wp.com\/traveltheworldpages.com\/es\/wp-content\/uploads\/2022\/04\/Graffitis-en-Plaka.jpg?resize=585%2C390&amp;ssl=1 585w, https:\/\/i0.wp.com\/traveltheworldpages.com\/es\/wp-content\/uploads\/2022\/04\/Graffitis-en-Plaka.jpg?resize=385%2C257&amp;ssl=1 385w, https:\/\/i0.wp.com\/traveltheworldpages.com\/es\/wp-content\/uploads\/2022\/04\/Graffitis-en-Plaka.jpg?w=2048&amp;ssl=1 2048w\" sizes=\"auto, (max-width: 1024px) 100vw, 1024px\" \/><figcaption>Casa con graffiti en Plaka<\/figcaption><\/figure>\n\n\n\n<p><\/p>\n\n\n\n<p>Pi\u00e9rdete en sus calles laber\u00ednticas y toma un vino o una rica comida griega en uno de sus restaurantes.<\/p>\n\n\n\n<h3 class=\"wp-block-heading\" id=\"mikrolimano\"><span class=\"ez-toc-section\" id=\"MikroLimano\"><\/span>MikroLimano<span class=\"ez-toc-section-end\"><\/span><\/h3>\n\n\n\n<p>Este peque\u00f1o puerto en Atenas es un lugar ideal para comer pescado y marisco con un poco de delicioso vino griego.<\/p>\n\n\n\n<p>Es una buena idea pasearse admirando los barcos en el puerto, desde peque\u00f1os barcos de pesca a grandes barcos de lujo.<\/p>\n\n\n\n<h3 class=\"wp-block-heading\" id=\"templo-de-zeus-ol\u00edmpico\"><span class=\"ez-toc-section\" id=\"Templo_del_Zeus_Olimpico\"><\/span>Templo del Zeus Ol\u00edmpico<span class=\"ez-toc-section-end\"><\/span><\/h3>\n\n\n\n<p>El templo de Zeus ol\u00edmpico es un templo dedicado a la cabeza del olimpo, Zeus y se contruy\u00f3 durante en sigo sexto A.C.<\/p>\n\n\n\n<p>It is remains today are a set of huge massive columns defying the skies.<\/p>\n\n\n\n<figure class=\"wp-block-image size-large\"><img data-recalc-dims=\"1\" loading=\"lazy\" decoding=\"async\" width=\"1024\" height=\"683\" src=\"https:\/\/i0.wp.com\/traveltheworldpages.com\/es\/wp-content\/uploads\/2022\/04\/Templo-del-Zeus-oli%CC%81mpico.jpg?resize=1024%2C683&#038;ssl=1\" alt=\"Templo de Zeus ol\u00edmpico\" class=\"wp-image-221\" srcset=\"https:\/\/i0.wp.com\/traveltheworldpages.com\/es\/wp-content\/uploads\/2022\/04\/Templo-del-Zeus-oli%CC%81mpico.jpg?resize=1024%2C683&amp;ssl=1 1024w, https:\/\/i0.wp.com\/traveltheworldpages.com\/es\/wp-content\/uploads\/2022\/04\/Templo-del-Zeus-oli%CC%81mpico.jpg?resize=300%2C200&amp;ssl=1 300w, https:\/\/i0.wp.com\/traveltheworldpages.com\/es\/wp-content\/uploads\/2022\/04\/Templo-del-Zeus-oli%CC%81mpico.jpg?resize=768%2C512&amp;ssl=1 768w, https:\/\/i0.wp.com\/traveltheworldpages.com\/es\/wp-content\/uploads\/2022\/04\/Templo-del-Zeus-oli%CC%81mpico.jpg?resize=1536%2C1024&amp;ssl=1 1536w, https:\/\/i0.wp.com\/traveltheworldpages.com\/es\/wp-content\/uploads\/2022\/04\/Templo-del-Zeus-oli%CC%81mpico.jpg?resize=1920%2C1280&amp;ssl=1 1920w, https:\/\/i0.wp.com\/traveltheworldpages.com\/es\/wp-content\/uploads\/2022\/04\/Templo-del-Zeus-oli%CC%81mpico.jpg?resize=600%2C400&amp;ssl=1 600w, https:\/\/i0.wp.com\/traveltheworldpages.com\/es\/wp-content\/uploads\/2022\/04\/Templo-del-Zeus-oli%CC%81mpico.jpg?resize=800%2C533&amp;ssl=1 800w, https:\/\/i0.wp.com\/traveltheworldpages.com\/es\/wp-content\/uploads\/2022\/04\/Templo-del-Zeus-oli%CC%81mpico.jpg?resize=227%2C152&amp;ssl=1 227w, https:\/\/i0.wp.com\/traveltheworldpages.com\/es\/wp-content\/uploads\/2022\/04\/Templo-del-Zeus-oli%CC%81mpico.jpg?resize=143%2C96&amp;ssl=1 143w, https:\/\/i0.wp.com\/traveltheworldpages.com\/es\/wp-content\/uploads\/2022\/04\/Templo-del-Zeus-oli%CC%81mpico.jpg?resize=585%2C390&amp;ssl=1 585w, https:\/\/i0.wp.com\/traveltheworldpages.com\/es\/wp-content\/uploads\/2022\/04\/Templo-del-Zeus-oli%CC%81mpico.jpg?resize=385%2C257&amp;ssl=1 385w, https:\/\/i0.wp.com\/traveltheworldpages.com\/es\/wp-content\/uploads\/2022\/04\/Templo-del-Zeus-oli%CC%81mpico.jpg?w=2048&amp;ssl=1 2048w\" sizes=\"auto, (max-width: 1024px) 100vw, 1024px\" \/><figcaption>Pilar en el templo de Zeus ol\u00edmpico<\/figcaption><\/figure>\n\n\n\n<p><\/p>\n\n\n\n<p><\/p>\n\n\n\n<p>Se usa todav\u00eda como un lugar donde adora al dios Zeus. En el a\u00f1o 2007 se celebro la \u00faltima ceremonia por los griegos paganos adorando al dios Zeus.<\/p>\n\n\n\n<h3 class=\"wp-block-heading\" id=\"templo-de-poseid\u00f3n\"><span class=\"ez-toc-section\" id=\"Templo_de_Poseidon\"><\/span>Templo de Poseid\u00f3n<span class=\"ez-toc-section-end\"><\/span><\/h3>\n\n\n\n<p>El templo est\u00e1 localizado a una hora y media de autob\u00fas de Atenas en Cape Sounion. Es uno de los monumentos m\u00e1s importates de la edad de Oro de Atenas y se contruy\u00f3 para venerar al dios Poseid\u00f3n, el dios del mar.<\/p>\n\n\n\n<p>Est\u00e1 localizado en una lugar muy bello de cara al mar. Una gran excursi\u00f3n de un d\u00eda desde Atenas. Puedes comer tambi\u00e9n algo de marisco en uno de los restaurantes que est\u00e1n a unos 500 metros del templo. La comida es delicionsa, yo prob\u00e9 unos mejillones con un poco de vino blanco griego, y no est\u00e1n demasiado llenos.<\/p>\n\n\n\n<figure class=\"wp-block-image size-large\"><img data-recalc-dims=\"1\" loading=\"lazy\" decoding=\"async\" width=\"1024\" height=\"683\" src=\"https:\/\/i0.wp.com\/traveltheworldpages.com\/es\/wp-content\/uploads\/2022\/04\/Templo-de-Poseido%CC%81n.jpg?resize=1024%2C683&#038;ssl=1\" alt=\"Pilar en templo de Poseid\u00f3n\" class=\"wp-image-220\" srcset=\"https:\/\/i0.wp.com\/traveltheworldpages.com\/es\/wp-content\/uploads\/2022\/04\/Templo-de-Poseido%CC%81n.jpg?resize=1024%2C683&amp;ssl=1 1024w, https:\/\/i0.wp.com\/traveltheworldpages.com\/es\/wp-content\/uploads\/2022\/04\/Templo-de-Poseido%CC%81n.jpg?resize=300%2C200&amp;ssl=1 300w, https:\/\/i0.wp.com\/traveltheworldpages.com\/es\/wp-content\/uploads\/2022\/04\/Templo-de-Poseido%CC%81n.jpg?resize=768%2C512&amp;ssl=1 768w, https:\/\/i0.wp.com\/traveltheworldpages.com\/es\/wp-content\/uploads\/2022\/04\/Templo-de-Poseido%CC%81n.jpg?resize=1536%2C1024&amp;ssl=1 1536w, https:\/\/i0.wp.com\/traveltheworldpages.com\/es\/wp-content\/uploads\/2022\/04\/Templo-de-Poseido%CC%81n.jpg?resize=1920%2C1280&amp;ssl=1 1920w, https:\/\/i0.wp.com\/traveltheworldpages.com\/es\/wp-content\/uploads\/2022\/04\/Templo-de-Poseido%CC%81n.jpg?resize=600%2C400&amp;ssl=1 600w, https:\/\/i0.wp.com\/traveltheworldpages.com\/es\/wp-content\/uploads\/2022\/04\/Templo-de-Poseido%CC%81n.jpg?resize=800%2C533&amp;ssl=1 800w, https:\/\/i0.wp.com\/traveltheworldpages.com\/es\/wp-content\/uploads\/2022\/04\/Templo-de-Poseido%CC%81n.jpg?resize=227%2C152&amp;ssl=1 227w, https:\/\/i0.wp.com\/traveltheworldpages.com\/es\/wp-content\/uploads\/2022\/04\/Templo-de-Poseido%CC%81n.jpg?resize=143%2C96&amp;ssl=1 143w, https:\/\/i0.wp.com\/traveltheworldpages.com\/es\/wp-content\/uploads\/2022\/04\/Templo-de-Poseido%CC%81n.jpg?resize=585%2C390&amp;ssl=1 585w, https:\/\/i0.wp.com\/traveltheworldpages.com\/es\/wp-content\/uploads\/2022\/04\/Templo-de-Poseido%CC%81n.jpg?resize=385%2C257&amp;ssl=1 385w, https:\/\/i0.wp.com\/traveltheworldpages.com\/es\/wp-content\/uploads\/2022\/04\/Templo-de-Poseido%CC%81n.jpg?w=2048&amp;ssl=1 2048w\" sizes=\"auto, (max-width: 1024px) 100vw, 1024px\" \/><figcaption>Pilar and the Poseidon temple<\/figcaption><\/figure>\n\n\n\n<p><\/p>\n\n\n\n<p>Mientras com\u00ed tuve el honor de hablar con una par de personas del pueblo que me dieron algunos consejos sobre otros sitios que visitar en Grecia, as\u00ed que tendr\u00e9 que volver para conocer otros sitios de este bello pa\u00eds.<\/p>\n\n\n\n<h3 class=\"wp-block-heading\" id=\"\u00e1gora-romana\"><span class=\"ez-toc-section\" id=\"Agora_romana\"><\/span>\u00c1gora romana<span class=\"ez-toc-section-end\"><\/span><\/h3>\n\n\n\n<p>La \u00c1gora romana era un espacio antiguo donde la via p\u00fablica transcurr\u00eda en la antiguedad. Est\u00e1 constru\u00eddo a 100 metros de la \u00c1gora origina y situada al Norte de la Acr\u00f3pollis.<\/p>\n\n\n\n<p>La \u00c1gora se fund\u00f3 sobre en el siglo sexto A.C.<\/p>\n\n\n\n<figure class=\"wp-block-image size-large\"><img data-recalc-dims=\"1\" loading=\"lazy\" decoding=\"async\" width=\"1024\" height=\"683\" src=\"https:\/\/i0.wp.com\/traveltheworldpages.com\/es\/wp-content\/uploads\/2022\/04\/Agora-Romana.jpg?resize=1024%2C683&#038;ssl=1\" alt=\"Agora Romana\" class=\"wp-image-207\" srcset=\"https:\/\/i0.wp.com\/traveltheworldpages.com\/es\/wp-content\/uploads\/2022\/04\/Agora-Romana.jpg?resize=1024%2C683&amp;ssl=1 1024w, https:\/\/i0.wp.com\/traveltheworldpages.com\/es\/wp-content\/uploads\/2022\/04\/Agora-Romana.jpg?resize=300%2C200&amp;ssl=1 300w, https:\/\/i0.wp.com\/traveltheworldpages.com\/es\/wp-content\/uploads\/2022\/04\/Agora-Romana.jpg?resize=768%2C512&amp;ssl=1 768w, https:\/\/i0.wp.com\/traveltheworldpages.com\/es\/wp-content\/uploads\/2022\/04\/Agora-Romana.jpg?resize=1536%2C1024&amp;ssl=1 1536w, https:\/\/i0.wp.com\/traveltheworldpages.com\/es\/wp-content\/uploads\/2022\/04\/Agora-Romana.jpg?resize=1920%2C1280&amp;ssl=1 1920w, https:\/\/i0.wp.com\/traveltheworldpages.com\/es\/wp-content\/uploads\/2022\/04\/Agora-Romana.jpg?resize=600%2C400&amp;ssl=1 600w, https:\/\/i0.wp.com\/traveltheworldpages.com\/es\/wp-content\/uploads\/2022\/04\/Agora-Romana.jpg?resize=800%2C533&amp;ssl=1 800w, https:\/\/i0.wp.com\/traveltheworldpages.com\/es\/wp-content\/uploads\/2022\/04\/Agora-Romana.jpg?resize=227%2C152&amp;ssl=1 227w, https:\/\/i0.wp.com\/traveltheworldpages.com\/es\/wp-content\/uploads\/2022\/04\/Agora-Romana.jpg?resize=143%2C96&amp;ssl=1 143w, https:\/\/i0.wp.com\/traveltheworldpages.com\/es\/wp-content\/uploads\/2022\/04\/Agora-Romana.jpg?resize=585%2C390&amp;ssl=1 585w, https:\/\/i0.wp.com\/traveltheworldpages.com\/es\/wp-content\/uploads\/2022\/04\/Agora-Romana.jpg?resize=385%2C257&amp;ssl=1 385w, https:\/\/i0.wp.com\/traveltheworldpages.com\/es\/wp-content\/uploads\/2022\/04\/Agora-Romana.jpg?w=2048&amp;ssl=1 2048w\" sizes=\"auto, (max-width: 1024px) 100vw, 1024px\" \/><figcaption>Agora Romana<\/figcaption><\/figure>\n\n\n\n<p><\/p>\n\n\n\n<p>S\u00f3lo quedan algunas columnas en pie hoy en d\u00eda. Camina sobre las ruinas e intenta visualizar como era la vida en esa \u00e9poca.<\/p>\n\n\n\n<h3 class=\"wp-block-heading\" id=\"colina-licabeto\"><span class=\"ez-toc-section\" id=\"Colina_Licabeto\"><\/span>Colina Licabeto<span class=\"ez-toc-section-end\"><\/span><\/h3>\n\n\n\n<p>La colina de Licabeto es el mejor lugar para very la puesta de Sol en Atenas. Puede ser la guinda en el pastel de tu d\u00eda visitando los monumentos de la ciudad de Atenas.<\/p>\n\n\n\n<p>La colina est\u00e1 300 metros sobre el nivel del mar y es el punto m\u00e1s alto de Atenas. Se ver muy bien desde la Acr\u00f3polis.<\/p>\n\n\n\n<p>Para subir a lo alto de la colina se puede usar un funicular.<\/p>\n\n\n\n<p>Algunas leyendas cuentan que el lugar fue una vez refugio para los lobos y es por eso que se le llama Licabeto.<\/p>\n\n\n\n<figure class=\"wp-block-image size-large\"><img data-recalc-dims=\"1\" loading=\"lazy\" decoding=\"async\" width=\"1024\" height=\"683\" src=\"https:\/\/i0.wp.com\/traveltheworldpages.com\/es\/wp-content\/uploads\/2022\/04\/Colina-de-Licabeto.jpg?resize=1024%2C683&#038;ssl=1\" alt=\"Colina de Licabeto\" class=\"wp-image-212\" srcset=\"https:\/\/i0.wp.com\/traveltheworldpages.com\/es\/wp-content\/uploads\/2022\/04\/Colina-de-Licabeto.jpg?resize=1024%2C683&amp;ssl=1 1024w, https:\/\/i0.wp.com\/traveltheworldpages.com\/es\/wp-content\/uploads\/2022\/04\/Colina-de-Licabeto.jpg?resize=300%2C200&amp;ssl=1 300w, https:\/\/i0.wp.com\/traveltheworldpages.com\/es\/wp-content\/uploads\/2022\/04\/Colina-de-Licabeto.jpg?resize=768%2C512&amp;ssl=1 768w, https:\/\/i0.wp.com\/traveltheworldpages.com\/es\/wp-content\/uploads\/2022\/04\/Colina-de-Licabeto.jpg?resize=1536%2C1024&amp;ssl=1 1536w, https:\/\/i0.wp.com\/traveltheworldpages.com\/es\/wp-content\/uploads\/2022\/04\/Colina-de-Licabeto.jpg?resize=1920%2C1280&amp;ssl=1 1920w, https:\/\/i0.wp.com\/traveltheworldpages.com\/es\/wp-content\/uploads\/2022\/04\/Colina-de-Licabeto.jpg?resize=600%2C400&amp;ssl=1 600w, https:\/\/i0.wp.com\/traveltheworldpages.com\/es\/wp-content\/uploads\/2022\/04\/Colina-de-Licabeto.jpg?resize=800%2C533&amp;ssl=1 800w, https:\/\/i0.wp.com\/traveltheworldpages.com\/es\/wp-content\/uploads\/2022\/04\/Colina-de-Licabeto.jpg?resize=227%2C152&amp;ssl=1 227w, https:\/\/i0.wp.com\/traveltheworldpages.com\/es\/wp-content\/uploads\/2022\/04\/Colina-de-Licabeto.jpg?resize=143%2C96&amp;ssl=1 143w, https:\/\/i0.wp.com\/traveltheworldpages.com\/es\/wp-content\/uploads\/2022\/04\/Colina-de-Licabeto.jpg?resize=585%2C390&amp;ssl=1 585w, https:\/\/i0.wp.com\/traveltheworldpages.com\/es\/wp-content\/uploads\/2022\/04\/Colina-de-Licabeto.jpg?resize=385%2C257&amp;ssl=1 385w, https:\/\/i0.wp.com\/traveltheworldpages.com\/es\/wp-content\/uploads\/2022\/04\/Colina-de-Licabeto.jpg?w=2048&amp;ssl=1 2048w\" sizes=\"auto, (max-width: 1024px) 100vw, 1024px\" \/><figcaption>Vistas de Atenas desde la colina de Licabeto<\/figcaption><\/figure>\n\n\n\n<p><\/p>\n\n\n\n<p>No te pierdas la puesta de Sol desde est\u00e1 colina.<\/p>\n\n\n\n<p>Atenas no defraudo a la versi\u00f3n m\u00e1s joven de mi que so\u00f1aba con visitarla. Es una ciudad muy bella y vibrante rezumando historia en cada esquina. No te pierdas la oportunidad de perderte y aprender un poco m\u00e1s sobre nuestros antepasados griegos.<\/p>\n","protected":false},"excerpt":{"rendered":"<p>Mi profesora de historia habla con voz mon\u00f3tona revel\u00e1ndonos los secretos de antiguas civilizaciones. Mientras paso las p\u00e1ginas del libro de historia despreocupada y curiosa anticip\u00e1ndome a la clase. De repente me encuentro con una foto de unas mujers de forma perfecta que sirven de columnas a un edificio antiguo, en lo que parece ser&#8230;<\/p>\n","protected":false},"author":1,"featured_media":217,"comment_status":"open","ping_status":"open","sticky":false,"template":"","format":"standard","meta":{"nf_dc_page":"","om_disable_all_campaigns":false,"_kad_post_transparent":"","_kad_post_title":"","_kad_post_layout":"","_kad_post_sidebar_id":"","_kad_post_content_style":"","_kad_post_vertical_padding":"","_kad_post_feature":"","_kad_post_feature_position":"","_kad_post_header":false,"_kad_post_footer":false,"_kad_post_classname":"","_jetpack_memberships_contains_paid_content":false,"footnotes":""},"categories":[9],"tags":[],"class_list":["post-191","post","type-post","status-publish","format-standard","has-post-thumbnail","hentry","category-grecia"],"yoast_head":"<!-- This site is optimized with the Yoast SEO plugin v27.4 - https:\/\/yoast.com\/product\/yoast-seo-wordpress\/ -->\n<title>Monumentos y lugares de inter\u00e9s en Atenas - TravelTheWorldPages<\/title>\n<meta name=\"robots\" content=\"index, follow, max-snippet:-1, max-image-preview:large, max-video-preview:-1\" \/>\n<link rel=\"canonical\" href=\"https:\/\/traveltheworldpages.com\/es\/monumentos-y-lugares-de-interes-en-atenas\/\" \/>\n<meta property=\"og:locale\" content=\"en_US\" \/>\n<meta property=\"og:type\" content=\"article\" \/>\n<meta property=\"og:title\" content=\"Monumentos y lugares de inter\u00e9s en Atenas - TravelTheWorldPages\" \/>\n<meta property=\"og:description\" content=\"Mi profesora de historia habla con voz mon\u00f3tona revel\u00e1ndonos los secretos de antiguas civilizaciones. Mientras paso las p\u00e1ginas del libro de historia despreocupada y curiosa anticip\u00e1ndome a la clase. De repente me encuentro con una foto de unas mujers de forma perfecta que sirven de columnas a un edificio antiguo, en lo que parece ser...\" \/>\n<meta property=\"og:url\" content=\"https:\/\/traveltheworldpages.com\/es\/monumentos-y-lugares-de-interes-en-atenas\/\" \/>\n<meta property=\"og:site_name\" content=\"TravelTheWorldPages\" \/>\n<meta property=\"article:published_time\" content=\"2022-04-23T17:01:01+00:00\" \/>\n<meta property=\"article:modified_time\" content=\"2022-04-23T17:34:37+00:00\" \/>\n<meta property=\"og:image\" content=\"https:\/\/traveltheworldpages.com\/es\/wp-content\/uploads\/2022\/04\/Pilar-en-frente-del-Parteno\u0301n.jpg\" \/>\n\t<meta property=\"og:image:width\" content=\"2048\" \/>\n\t<meta property=\"og:image:height\" content=\"1365\" \/>\n\t<meta property=\"og:image:type\" content=\"image\/jpeg\" \/>\n<meta name=\"author\" content=\"Pilar\" \/>\n<meta name=\"twitter:card\" content=\"summary_large_image\" \/>\n<meta name=\"twitter:label1\" content=\"Written by\" \/>\n\t<meta name=\"twitter:data1\" content=\"Pilar\" \/>\n\t<meta name=\"twitter:label2\" content=\"Est. reading time\" \/>\n\t<meta name=\"twitter:data2\" content=\"10 minutes\" \/>\n<script type=\"application\/ld+json\" class=\"yoast-schema-graph\">{\"@context\":\"https:\\\/\\\/schema.org\",\"@graph\":[{\"@type\":\"Article\",\"@id\":\"https:\\\/\\\/traveltheworldpages.com\\\/es\\\/monumentos-y-lugares-de-interes-en-atenas\\\/#article\",\"isPartOf\":{\"@id\":\"https:\\\/\\\/traveltheworldpages.com\\\/es\\\/monumentos-y-lugares-de-interes-en-atenas\\\/\"},\"author\":{\"name\":\"Pilar\",\"@id\":\"https:\\\/\\\/traveltheworldpages.com\\\/es\\\/#\\\/schema\\\/person\\\/2f4544cb5a5eb6e890418f2fdfaad3aa\"},\"headline\":\"Monumentos y lugares de inter\u00e9s en Atenas\",\"datePublished\":\"2022-04-23T17:01:01+00:00\",\"dateModified\":\"2022-04-23T17:34:37+00:00\",\"mainEntityOfPage\":{\"@id\":\"https:\\\/\\\/traveltheworldpages.com\\\/es\\\/monumentos-y-lugares-de-interes-en-atenas\\\/\"},\"wordCount\":1785,\"commentCount\":0,\"image\":{\"@id\":\"https:\\\/\\\/traveltheworldpages.com\\\/es\\\/monumentos-y-lugares-de-interes-en-atenas\\\/#primaryimage\"},\"thumbnailUrl\":\"https:\\\/\\\/i0.wp.com\\\/traveltheworldpages.com\\\/es\\\/wp-content\\\/uploads\\\/2022\\\/04\\\/Pilar-en-frente-del-Parteno%CC%81n.jpg?fit=2048%2C1365&ssl=1\",\"articleSection\":[\"Grecia\"],\"inLanguage\":\"en-US\",\"potentialAction\":[{\"@type\":\"CommentAction\",\"name\":\"Comment\",\"target\":[\"https:\\\/\\\/traveltheworldpages.com\\\/es\\\/monumentos-y-lugares-de-interes-en-atenas\\\/#respond\"]}]},{\"@type\":\"WebPage\",\"@id\":\"https:\\\/\\\/traveltheworldpages.com\\\/es\\\/monumentos-y-lugares-de-interes-en-atenas\\\/\",\"url\":\"https:\\\/\\\/traveltheworldpages.com\\\/es\\\/monumentos-y-lugares-de-interes-en-atenas\\\/\",\"name\":\"Monumentos y lugares de inter\u00e9s en Atenas - TravelTheWorldPages\",\"isPartOf\":{\"@id\":\"https:\\\/\\\/traveltheworldpages.com\\\/es\\\/#website\"},\"primaryImageOfPage\":{\"@id\":\"https:\\\/\\\/traveltheworldpages.com\\\/es\\\/monumentos-y-lugares-de-interes-en-atenas\\\/#primaryimage\"},\"image\":{\"@id\":\"https:\\\/\\\/traveltheworldpages.com\\\/es\\\/monumentos-y-lugares-de-interes-en-atenas\\\/#primaryimage\"},\"thumbnailUrl\":\"https:\\\/\\\/i0.wp.com\\\/traveltheworldpages.com\\\/es\\\/wp-content\\\/uploads\\\/2022\\\/04\\\/Pilar-en-frente-del-Parteno%CC%81n.jpg?fit=2048%2C1365&ssl=1\",\"datePublished\":\"2022-04-23T17:01:01+00:00\",\"dateModified\":\"2022-04-23T17:34:37+00:00\",\"author\":{\"@id\":\"https:\\\/\\\/traveltheworldpages.com\\\/es\\\/#\\\/schema\\\/person\\\/2f4544cb5a5eb6e890418f2fdfaad3aa\"},\"breadcrumb\":{\"@id\":\"https:\\\/\\\/traveltheworldpages.com\\\/es\\\/monumentos-y-lugares-de-interes-en-atenas\\\/#breadcrumb\"},\"inLanguage\":\"en-US\",\"potentialAction\":[{\"@type\":\"ReadAction\",\"target\":[\"https:\\\/\\\/traveltheworldpages.com\\\/es\\\/monumentos-y-lugares-de-interes-en-atenas\\\/\"]}]},{\"@type\":\"ImageObject\",\"inLanguage\":\"en-US\",\"@id\":\"https:\\\/\\\/traveltheworldpages.com\\\/es\\\/monumentos-y-lugares-de-interes-en-atenas\\\/#primaryimage\",\"url\":\"https:\\\/\\\/i0.wp.com\\\/traveltheworldpages.com\\\/es\\\/wp-content\\\/uploads\\\/2022\\\/04\\\/Pilar-en-frente-del-Parteno%CC%81n.jpg?fit=2048%2C1365&ssl=1\",\"contentUrl\":\"https:\\\/\\\/i0.wp.com\\\/traveltheworldpages.com\\\/es\\\/wp-content\\\/uploads\\\/2022\\\/04\\\/Pilar-en-frente-del-Parteno%CC%81n.jpg?fit=2048%2C1365&ssl=1\",\"width\":2048,\"height\":1365,\"caption\":\"Pilar en el parten\u00f3n\"},{\"@type\":\"BreadcrumbList\",\"@id\":\"https:\\\/\\\/traveltheworldpages.com\\\/es\\\/monumentos-y-lugares-de-interes-en-atenas\\\/#breadcrumb\",\"itemListElement\":[{\"@type\":\"ListItem\",\"position\":1,\"name\":\"Home\",\"item\":\"https:\\\/\\\/traveltheworldpages.com\\\/es\\\/\"},{\"@type\":\"ListItem\",\"position\":2,\"name\":\"Monumentos y lugares de inter\u00e9s en Atenas\"}]},{\"@type\":\"WebSite\",\"@id\":\"https:\\\/\\\/traveltheworldpages.com\\\/es\\\/#website\",\"url\":\"https:\\\/\\\/traveltheworldpages.com\\\/es\\\/\",\"name\":\"TravelTheWorldPages\",\"description\":\"Viajes culturales y desarollo personal\",\"potentialAction\":[{\"@type\":\"SearchAction\",\"target\":{\"@type\":\"EntryPoint\",\"urlTemplate\":\"https:\\\/\\\/traveltheworldpages.com\\\/es\\\/?s={search_term_string}\"},\"query-input\":{\"@type\":\"PropertyValueSpecification\",\"valueRequired\":true,\"valueName\":\"search_term_string\"}}],\"inLanguage\":\"en-US\"},{\"@type\":\"Person\",\"@id\":\"https:\\\/\\\/traveltheworldpages.com\\\/es\\\/#\\\/schema\\\/person\\\/2f4544cb5a5eb6e890418f2fdfaad3aa\",\"name\":\"Pilar\",\"image\":{\"@type\":\"ImageObject\",\"inLanguage\":\"en-US\",\"@id\":\"https:\\\/\\\/secure.gravatar.com\\\/avatar\\\/f7db1afd76c18ebe98b08fbbda363a50012fe4f8044999b86fd44136bd3d44e2?s=96&d=mm&r=g\",\"url\":\"https:\\\/\\\/secure.gravatar.com\\\/avatar\\\/f7db1afd76c18ebe98b08fbbda363a50012fe4f8044999b86fd44136bd3d44e2?s=96&d=mm&r=g\",\"contentUrl\":\"https:\\\/\\\/secure.gravatar.com\\\/avatar\\\/f7db1afd76c18ebe98b08fbbda363a50012fe4f8044999b86fd44136bd3d44e2?s=96&d=mm&r=g\",\"caption\":\"Pilar\"},\"sameAs\":[\"https:\\\/\\\/traveltheworldpages.com\\\/es\"],\"url\":\"https:\\\/\\\/traveltheworldpages.com\\\/es\\\/author\\\/admin\\\/\"}]}<\/script>\n<!-- \/ Yoast SEO plugin. -->","yoast_head_json":{"title":"Monumentos y lugares de inter\u00e9s en Atenas - TravelTheWorldPages","robots":{"index":"index","follow":"follow","max-snippet":"max-snippet:-1","max-image-preview":"max-image-preview:large","max-video-preview":"max-video-preview:-1"},"canonical":"https:\/\/traveltheworldpages.com\/es\/monumentos-y-lugares-de-interes-en-atenas\/","og_locale":"en_US","og_type":"article","og_title":"Monumentos y lugares de inter\u00e9s en Atenas - TravelTheWorldPages","og_description":"Mi profesora de historia habla con voz mon\u00f3tona revel\u00e1ndonos los secretos de antiguas civilizaciones. Mientras paso las p\u00e1ginas del libro de historia despreocupada y curiosa anticip\u00e1ndome a la clase. De repente me encuentro con una foto de unas mujers de forma perfecta que sirven de columnas a un edificio antiguo, en lo que parece ser...","og_url":"https:\/\/traveltheworldpages.com\/es\/monumentos-y-lugares-de-interes-en-atenas\/","og_site_name":"TravelTheWorldPages","article_published_time":"2022-04-23T17:01:01+00:00","article_modified_time":"2022-04-23T17:34:37+00:00","og_image":[{"width":2048,"height":1365,"url":"https:\/\/traveltheworldpages.com\/es\/wp-content\/uploads\/2022\/04\/Pilar-en-frente-del-Parteno\u0301n.jpg","type":"image\/jpeg"}],"author":"Pilar","twitter_card":"summary_large_image","twitter_misc":{"Written by":"Pilar","Est. reading time":"10 minutes"},"schema":{"@context":"https:\/\/schema.org","@graph":[{"@type":"Article","@id":"https:\/\/traveltheworldpages.com\/es\/monumentos-y-lugares-de-interes-en-atenas\/#article","isPartOf":{"@id":"https:\/\/traveltheworldpages.com\/es\/monumentos-y-lugares-de-interes-en-atenas\/"},"author":{"name":"Pilar","@id":"https:\/\/traveltheworldpages.com\/es\/#\/schema\/person\/2f4544cb5a5eb6e890418f2fdfaad3aa"},"headline":"Monumentos y lugares de inter\u00e9s en Atenas","datePublished":"2022-04-23T17:01:01+00:00","dateModified":"2022-04-23T17:34:37+00:00","mainEntityOfPage":{"@id":"https:\/\/traveltheworldpages.com\/es\/monumentos-y-lugares-de-interes-en-atenas\/"},"wordCount":1785,"commentCount":0,"image":{"@id":"https:\/\/traveltheworldpages.com\/es\/monumentos-y-lugares-de-interes-en-atenas\/#primaryimage"},"thumbnailUrl":"https:\/\/i0.wp.com\/traveltheworldpages.com\/es\/wp-content\/uploads\/2022\/04\/Pilar-en-frente-del-Parteno%CC%81n.jpg?fit=2048%2C1365&ssl=1","articleSection":["Grecia"],"inLanguage":"en-US","potentialAction":[{"@type":"CommentAction","name":"Comment","target":["https:\/\/traveltheworldpages.com\/es\/monumentos-y-lugares-de-interes-en-atenas\/#respond"]}]},{"@type":"WebPage","@id":"https:\/\/traveltheworldpages.com\/es\/monumentos-y-lugares-de-interes-en-atenas\/","url":"https:\/\/traveltheworldpages.com\/es\/monumentos-y-lugares-de-interes-en-atenas\/","name":"Monumentos y lugares de inter\u00e9s en Atenas - TravelTheWorldPages","isPartOf":{"@id":"https:\/\/traveltheworldpages.com\/es\/#website"},"primaryImageOfPage":{"@id":"https:\/\/traveltheworldpages.com\/es\/monumentos-y-lugares-de-interes-en-atenas\/#primaryimage"},"image":{"@id":"https:\/\/traveltheworldpages.com\/es\/monumentos-y-lugares-de-interes-en-atenas\/#primaryimage"},"thumbnailUrl":"https:\/\/i0.wp.com\/traveltheworldpages.com\/es\/wp-content\/uploads\/2022\/04\/Pilar-en-frente-del-Parteno%CC%81n.jpg?fit=2048%2C1365&ssl=1","datePublished":"2022-04-23T17:01:01+00:00","dateModified":"2022-04-23T17:34:37+00:00","author":{"@id":"https:\/\/traveltheworldpages.com\/es\/#\/schema\/person\/2f4544cb5a5eb6e890418f2fdfaad3aa"},"breadcrumb":{"@id":"https:\/\/traveltheworldpages.com\/es\/monumentos-y-lugares-de-interes-en-atenas\/#breadcrumb"},"inLanguage":"en-US","potentialAction":[{"@type":"ReadAction","target":["https:\/\/traveltheworldpages.com\/es\/monumentos-y-lugares-de-interes-en-atenas\/"]}]},{"@type":"ImageObject","inLanguage":"en-US","@id":"https:\/\/traveltheworldpages.com\/es\/monumentos-y-lugares-de-interes-en-atenas\/#primaryimage","url":"https:\/\/i0.wp.com\/traveltheworldpages.com\/es\/wp-content\/uploads\/2022\/04\/Pilar-en-frente-del-Parteno%CC%81n.jpg?fit=2048%2C1365&ssl=1","contentUrl":"https:\/\/i0.wp.com\/traveltheworldpages.com\/es\/wp-content\/uploads\/2022\/04\/Pilar-en-frente-del-Parteno%CC%81n.jpg?fit=2048%2C1365&ssl=1","width":2048,"height":1365,"caption":"Pilar en el parten\u00f3n"},{"@type":"BreadcrumbList","@id":"https:\/\/traveltheworldpages.com\/es\/monumentos-y-lugares-de-interes-en-atenas\/#breadcrumb","itemListElement":[{"@type":"ListItem","position":1,"name":"Home","item":"https:\/\/traveltheworldpages.com\/es\/"},{"@type":"ListItem","position":2,"name":"Monumentos y lugares de inter\u00e9s en Atenas"}]},{"@type":"WebSite","@id":"https:\/\/traveltheworldpages.com\/es\/#website","url":"https:\/\/traveltheworldpages.com\/es\/","name":"TravelTheWorldPages","description":"Viajes culturales y desarollo personal","potentialAction":[{"@type":"SearchAction","target":{"@type":"EntryPoint","urlTemplate":"https:\/\/traveltheworldpages.com\/es\/?s={search_term_string}"},"query-input":{"@type":"PropertyValueSpecification","valueRequired":true,"valueName":"search_term_string"}}],"inLanguage":"en-US"},{"@type":"Person","@id":"https:\/\/traveltheworldpages.com\/es\/#\/schema\/person\/2f4544cb5a5eb6e890418f2fdfaad3aa","name":"Pilar","image":{"@type":"ImageObject","inLanguage":"en-US","@id":"https:\/\/secure.gravatar.com\/avatar\/f7db1afd76c18ebe98b08fbbda363a50012fe4f8044999b86fd44136bd3d44e2?s=96&d=mm&r=g","url":"https:\/\/secure.gravatar.com\/avatar\/f7db1afd76c18ebe98b08fbbda363a50012fe4f8044999b86fd44136bd3d44e2?s=96&d=mm&r=g","contentUrl":"https:\/\/secure.gravatar.com\/avatar\/f7db1afd76c18ebe98b08fbbda363a50012fe4f8044999b86fd44136bd3d44e2?s=96&d=mm&r=g","caption":"Pilar"},"sameAs":["https:\/\/traveltheworldpages.com\/es"],"url":"https:\/\/traveltheworldpages.com\/es\/author\/admin\/"}]}},"jetpack_featured_media_url":"https:\/\/i0.wp.com\/traveltheworldpages.com\/es\/wp-content\/uploads\/2022\/04\/Pilar-en-frente-del-Parteno%CC%81n.jpg?fit=2048%2C1365&ssl=1","jetpack_sharing_enabled":true,"_links":{"self":[{"href":"https:\/\/traveltheworldpages.com\/es\/wp-json\/wp\/v2\/posts\/191","targetHints":{"allow":["GET"]}}],"collection":[{"href":"https:\/\/traveltheworldpages.com\/es\/wp-json\/wp\/v2\/posts"}],"about":[{"href":"https:\/\/traveltheworldpages.com\/es\/wp-json\/wp\/v2\/types\/post"}],"author":[{"embeddable":true,"href":"https:\/\/traveltheworldpages.com\/es\/wp-json\/wp\/v2\/users\/1"}],"replies":[{"embeddable":true,"href":"https:\/\/traveltheworldpages.com\/es\/wp-json\/wp\/v2\/comments?post=191"}],"version-history":[{"count":4,"href":"https:\/\/traveltheworldpages.com\/es\/wp-json\/wp\/v2\/posts\/191\/revisions"}],"predecessor-version":[{"id":233,"href":"https:\/\/traveltheworldpages.com\/es\/wp-json\/wp\/v2\/posts\/191\/revisions\/233"}],"wp:featuredmedia":[{"embeddable":true,"href":"https:\/\/traveltheworldpages.com\/es\/wp-json\/wp\/v2\/media\/217"}],"wp:attachment":[{"href":"https:\/\/traveltheworldpages.com\/es\/wp-json\/wp\/v2\/media?parent=191"}],"wp:term":[{"taxonomy":"category","embeddable":true,"href":"https:\/\/traveltheworldpages.com\/es\/wp-json\/wp\/v2\/categories?post=191"},{"taxonomy":"post_tag","embeddable":true,"href":"https:\/\/traveltheworldpages.com\/es\/wp-json\/wp\/v2\/tags?post=191"}],"curies":[{"name":"wp","href":"https:\/\/api.w.org\/{rel}","templated":true}]}}