{"id":42,"date":"2022-04-22T21:35:18","date_gmt":"2022-04-22T21:35:18","guid":{"rendered":"https:\/\/traveltheworldpages.com\/es\/?p=42"},"modified":"2022-04-22T22:23:12","modified_gmt":"2022-04-22T22:23:12","slug":"tras-la-pista-y-mejor-epoca-para-ver-las-auroras-boreales","status":"publish","type":"post","link":"https:\/\/traveltheworldpages.com\/es\/tras-la-pista-y-mejor-epoca-para-ver-las-auroras-boreales\/","title":{"rendered":"Tras la pista y mejor \u00e9poca para ver las auroras boreales"},"content":{"rendered":"\n<p>Ver las auroras boreales por primera vez es una experiencia m\u00e1gica. Ver el cielo te\u00f1ido de&nbsp;gigantes llamas de intensos verdes o p\u00farpuras produce la sensaci\u00f3n de un mundo on\u00edrico y&nbsp;desconocido abri\u00e9ndose ante tus ojos. La intensa actividad de nuestra estrella reflejada en el&nbsp;firmamento nocturno es tanto una experiencia educativa, ya que al verla no puedes parar de preguntarte el origen de esas misteriosas luces, c\u00f3mo inspiradora al arte.<\/p>\n\n\n\n<figure class=\"wp-block-image size-full\"><img data-recalc-dims=\"1\" loading=\"lazy\" decoding=\"async\" width=\"1024\" height=\"552\" src=\"https:\/\/i0.wp.com\/traveltheworldpages.com\/es\/wp-content\/uploads\/2022\/04\/Aurora-Boreal-Vik.jpg?resize=1024%2C552&#038;ssl=1\" alt=\"Imagen  de la aurora boreal en Vik\" class=\"wp-image-52\" srcset=\"https:\/\/i0.wp.com\/traveltheworldpages.com\/es\/wp-content\/uploads\/2022\/04\/Aurora-Boreal-Vik.jpg?w=1024&amp;ssl=1 1024w, https:\/\/i0.wp.com\/traveltheworldpages.com\/es\/wp-content\/uploads\/2022\/04\/Aurora-Boreal-Vik.jpg?resize=300%2C162&amp;ssl=1 300w, https:\/\/i0.wp.com\/traveltheworldpages.com\/es\/wp-content\/uploads\/2022\/04\/Aurora-Boreal-Vik.jpg?resize=768%2C414&amp;ssl=1 768w, https:\/\/i0.wp.com\/traveltheworldpages.com\/es\/wp-content\/uploads\/2022\/04\/Aurora-Boreal-Vik.jpg?resize=600%2C323&amp;ssl=1 600w, https:\/\/i0.wp.com\/traveltheworldpages.com\/es\/wp-content\/uploads\/2022\/04\/Aurora-Boreal-Vik.jpg?resize=800%2C431&amp;ssl=1 800w\" sizes=\"auto, (max-width: 1024px) 100vw, 1024px\" \/><figcaption>Aurora boreal desde la terraza de mi hostal en Vik<\/figcaption><\/figure>\n\n\n\n<p><\/p>\n\n\n\n<p>En este art\u00edculo te voy contar cual es la mejor \u00e9poca para ver la aurora boreal en Islandia y por qu\u00e9, la historia de c\u00f3mo la vi por primera vez, y algunos&nbsp;consejos pr\u00e1cticos para incrementar tus posibilidades de verla en tu viaje a Islandia.<a href=\"https:\/\/traveltheworldpages.com\/es\/deberia-viajar-a-islandia-16-razones-para-hacerlo-2\/\"><strong>\u00bf Deber\u00eda viajar a Islandia? 16 razones para hacerlo<br><\/strong><\/a><br><\/p>\n\n\n\n<p><\/p>\n\n\n\n<p><a href=\"#tras-la-pista-de-mi-primera-aurora-boreal\">Tras la pista de mi primera aurora boreal<\/a><\/p>\n\n\n\n<p><a href=\"#que-son-las-auroras-boreales\">\u00bfQu\u00e9 son las auroras boreales?<\/a><\/p>\n\n\n\n<p><a href=\"#mejor-\u00e9poca-para-ver-las-auroras-boreales-en-islandia\">\u00bfCu\u00e1l es la mejor \u00e9poca para ver las auroras boreales en Islandia?<\/a><\/p>\n\n\n\n<p><a href=\"#incrementar-la-posibilidad-de-ver-la-aurora-boreal-en-tu-viaje\">\u00bfC\u00f3mo incrementar la posibilidad de ver las aurora boreales en tu viaje?<\/a><\/p>\n\n\n\n<p><a href=\"#consejos-para-fotograf\u00eda-de-auroras-boreales\">Como fotograf\u00edar las auroras boreales: Consejos para principiantes y equipo recomendado<\/a><\/p>\n\n\n\n<h3 class=\"wp-block-heading\" id=\"tras-la-pista-de-mi-primera-aurora-boreal\"><span class=\"ez-toc-section\" id=\"Tras_la_pista_de_mi_primera_aurora_boreal\"><\/span><strong>Tras la pista de mi primera aurora boreal<\/strong><span class=\"ez-toc-section-end\"><\/span><\/h3><div id=\"ez-toc-container\" class=\"ez-toc-v2_0_82_2 counter-hierarchy ez-toc-counter ez-toc-grey ez-toc-container-direction\">\n<div class=\"ez-toc-title-container\">\n<p class=\"ez-toc-title\" style=\"cursor:inherit\">Table of Contents<\/p>\n<span class=\"ez-toc-title-toggle\"><a href=\"#\" class=\"ez-toc-pull-right ez-toc-btn ez-toc-btn-xs ez-toc-btn-default ez-toc-toggle\" aria-label=\"Toggle Table of Content\"><span class=\"ez-toc-js-icon-con\"><span class=\"\"><span class=\"eztoc-hide\" style=\"display:none;\">Toggle<\/span><span class=\"ez-toc-icon-toggle-span\"><svg style=\"fill: #999;color:#999\" xmlns=\"http:\/\/www.w3.org\/2000\/svg\" class=\"list-377408\" width=\"20px\" height=\"20px\" viewBox=\"0 0 24 24\" fill=\"none\"><path d=\"M6 6H4v2h2V6zm14 0H8v2h12V6zM4 11h2v2H4v-2zm16 0H8v2h12v-2zM4 16h2v2H4v-2zm16 0H8v2h12v-2z\" fill=\"currentColor\"><\/path><\/svg><svg style=\"fill: #999;color:#999\" class=\"arrow-unsorted-368013\" xmlns=\"http:\/\/www.w3.org\/2000\/svg\" width=\"10px\" height=\"10px\" viewBox=\"0 0 24 24\" version=\"1.2\" baseProfile=\"tiny\"><path d=\"M18.2 9.3l-6.2-6.3-6.2 6.3c-.2.2-.3.4-.3.7s.1.5.3.7c.2.2.4.3.7.3h11c.3 0 .5-.1.7-.3.2-.2.3-.5.3-.7s-.1-.5-.3-.7zM5.8 14.7l6.2 6.3 6.2-6.3c.2-.2.3-.5.3-.7s-.1-.5-.3-.7c-.2-.2-.4-.3-.7-.3h-11c-.3 0-.5.1-.7.3-.2.2-.3.5-.3.7s.1.5.3.7z\"\/><\/svg><\/span><\/span><\/span><\/a><\/span><\/div>\n<nav><ul class='ez-toc-list ez-toc-list-level-1 ' ><li class='ez-toc-page-1 ez-toc-heading-level-3'><a class=\"ez-toc-link ez-toc-heading-1\" href=\"https:\/\/traveltheworldpages.com\/es\/tras-la-pista-y-mejor-epoca-para-ver-las-auroras-boreales\/#Tras_la_pista_de_mi_primera_aurora_boreal\" >Tras la pista de mi primera aurora boreal<\/a><\/li><li class='ez-toc-page-1 ez-toc-heading-level-3'><a class=\"ez-toc-link ez-toc-heading-2\" href=\"https:\/\/traveltheworldpages.com\/es\/tras-la-pista-y-mejor-epoca-para-ver-las-auroras-boreales\/#%C2%BFQue_son_las_auroras_boreales\" >\u00bfQue son las auroras boreales?<\/a><\/li><li class='ez-toc-page-1 ez-toc-heading-level-3'><a class=\"ez-toc-link ez-toc-heading-3\" href=\"https:\/\/traveltheworldpages.com\/es\/tras-la-pista-y-mejor-epoca-para-ver-las-auroras-boreales\/#%C2%BFCual_es_la_mejor_epoca_para_ver_las_auroras_boreales_en_Islandia\" >\u00bfCu\u00e1l es la mejor \u00e9poca para ver las auroras boreales en Islandia?<\/a><\/li><li class='ez-toc-page-1 ez-toc-heading-level-3'><a class=\"ez-toc-link ez-toc-heading-4\" href=\"https:\/\/traveltheworldpages.com\/es\/tras-la-pista-y-mejor-epoca-para-ver-las-auroras-boreales\/#%C2%BF_Como_incrementar_la_posibilidad_de_ver_la_aurora_boreal_en_tu_viaje\" >\u00bf C\u00f3mo incrementar la posibilidad de ver la aurora boreal en tu viaje?<\/a><\/li><li class='ez-toc-page-1 ez-toc-heading-level-3'><a class=\"ez-toc-link ez-toc-heading-5\" href=\"https:\/\/traveltheworldpages.com\/es\/tras-la-pista-y-mejor-epoca-para-ver-las-auroras-boreales\/#Como_fotografiar_las_auroras_boreales_Consejos_para_principiantes_y_equipo_recomendado\" >Como fotograf\u00edar las auroras boreales: Consejos para principiantes y equipo recomendado<\/a><\/li><\/ul><\/nav><\/div>\n\n\n\n\n<p>El d\u00eda ha sido&nbsp;&nbsp;largo e intenso. He conducido casi 400 km para visitar&nbsp;&nbsp;J\u00f6kuls\u00e1rl\u00f3n y volver a mi hostal en Vik a tiempo para la cena.<\/p>\n\n\n\n<p>Los bloques de hielo en la playa de arena, los icebergs de tonos azulados de J\u00f6kuls\u00e1rl\u00f3n y la cascada bas\u00e1ltica han sido una fiesta para mis sentidos, hambrientos de naturaleza.<\/p>\n\n\n\n<p>Conducir de vuelta a Vik de noche, mientras el tanque del coche estaba al l\u00edmite y no hab\u00eda ninguna gasolinera en m\u00e1s de 100 km a la redonda ha sido algo que recordar\u00e9 siempre con orgullo de haber salvado un obst\u00e1culo por mi misma. El miedo a que el coche se quedase parado en medio de uno de las carreteras inh\u00f3spitas y no tener medios de volver al calor de mi hostal y la incertidumbre, son ese tipo de cosas que pasan cuando viajas, que una vez superadas te hacen sentirte m\u00e1s fuerte y capaz.<\/p>\n\n\n\n<p>Por suerte, una pareja de chinos que conoc\u00ed en Seljalandsfoss, que se enamoraron de sacarme fotos, estaban en el aparcamiento, cuando termin\u00e9 de ver la cascada bas\u00e1ltica y me di cuenta de que el dep\u00f3sito estaba bajo. Les cont\u00e9 de mis temores y me siguieron de cerca m\u00e1s de 100 km hasta que llegu\u00e9 a la siguiente gasolinera.<\/p>\n\n\n\n<p>En el camino de vuelta a Vik, tras la pista de la aurora<\/p>\n\n\n\n<p>A pesar de mi ansiedad de que el coche se parar\u00e1 no paraba de mirar al cielo con ojos esperanzadores de vislumbrar las luces del Norte. Era mi tercer d\u00eda en Islandia y todav\u00eda no las hab\u00eda visto, y un par de chicos que hab\u00eda conocido el d\u00eda anterior me hab\u00edan dicho que la probabilidad de que se viera hoy en esta zona era muy grande. Pero nada, un cielo completamente negro, sin nubes y muchas estrellas, que parec\u00eda burlarse de mis ojos inquisitivos.<\/p>\n\n\n\n<p>Pierdo la esperanza, pero a\u00fan as\u00ed decido poner el despertador a la una de la ma\u00f1ana para intentar verlas. Antes de irme a dormir decido sentarme un rato en la terraza en el jard\u00edn de mi hostal para relajarme despu\u00e9s de todas la horas de coche que he hecho hoy.<\/p>\n\n\n\n<p>Miro al cielo ya sin esperanza de verla y cansada, cuando de repente lo que parece una nube a primera vista se est\u00e1 moviendo y metarmorfoseando de color blanco a verde. Al principio se ve como un conjunto de nubes&nbsp;&nbsp;blancas paralelas al suelo, que van expandi\u00e9ndose, hasta que toman la forma caracter\u00edstica de las auroras boreales.<\/p>\n\n\n\n<figure class=\"wp-block-image size-full\"><img data-recalc-dims=\"1\" loading=\"lazy\" decoding=\"async\" width=\"1024\" height=\"683\" src=\"https:\/\/i0.wp.com\/traveltheworldpages.com\/es\/wp-content\/uploads\/2022\/04\/Aurora-Vik-Islandia.jpg?resize=1024%2C683&#038;ssl=1\" alt=\"Aurora boreal en Vik\" class=\"wp-image-53\" srcset=\"https:\/\/i0.wp.com\/traveltheworldpages.com\/es\/wp-content\/uploads\/2022\/04\/Aurora-Vik-Islandia.jpg?w=1024&amp;ssl=1 1024w, https:\/\/i0.wp.com\/traveltheworldpages.com\/es\/wp-content\/uploads\/2022\/04\/Aurora-Vik-Islandia.jpg?resize=300%2C200&amp;ssl=1 300w, https:\/\/i0.wp.com\/traveltheworldpages.com\/es\/wp-content\/uploads\/2022\/04\/Aurora-Vik-Islandia.jpg?resize=768%2C512&amp;ssl=1 768w, https:\/\/i0.wp.com\/traveltheworldpages.com\/es\/wp-content\/uploads\/2022\/04\/Aurora-Vik-Islandia.jpg?resize=600%2C400&amp;ssl=1 600w, https:\/\/i0.wp.com\/traveltheworldpages.com\/es\/wp-content\/uploads\/2022\/04\/Aurora-Vik-Islandia.jpg?resize=800%2C534&amp;ssl=1 800w, https:\/\/i0.wp.com\/traveltheworldpages.com\/es\/wp-content\/uploads\/2022\/04\/Aurora-Vik-Islandia.jpg?resize=227%2C152&amp;ssl=1 227w, https:\/\/i0.wp.com\/traveltheworldpages.com\/es\/wp-content\/uploads\/2022\/04\/Aurora-Vik-Islandia.jpg?resize=143%2C96&amp;ssl=1 143w, https:\/\/i0.wp.com\/traveltheworldpages.com\/es\/wp-content\/uploads\/2022\/04\/Aurora-Vik-Islandia.jpg?resize=585%2C390&amp;ssl=1 585w, https:\/\/i0.wp.com\/traveltheworldpages.com\/es\/wp-content\/uploads\/2022\/04\/Aurora-Vik-Islandia.jpg?resize=385%2C257&amp;ssl=1 385w\" sizes=\"auto, (max-width: 1024px) 100vw, 1024px\" \/><figcaption>Aurora boreal desde la terraza de mi hostal en Vik<\/figcaption><\/figure>\n\n\n\n<p><\/p>\n\n\n\n<p>Corro a la habitaci\u00f3n y se lo hago saber a mis compa\u00f1eros de habitaci\u00f3n que son una pareja en luna de miel.<\/p>\n\n\n\n<p>La aurora es todo un esp\u00e9ctaculo y tenemos suerte de que la intensidad es bastante fuerte y podemos apreciar el color verde a primera vista.<\/p>\n\n\n\n<p>Me siento como un ni\u00f1a con un juguete nuevo y siento que quiero ver muchas m\u00e1s.<\/p>\n\n\n\n<p>Est\u00e1 fue la primera de muchas auroras que vi en este viaje a Islandia. Algunas fueron espont\u00e1neas como esta y otras planeadas, como ya os explicar\u00e9 m\u00e1s adelante<\/p>\n\n\n\n<h3 class=\"wp-block-heading\" id=\"que-son-las-auroras-boreales\"><span class=\"ez-toc-section\" id=\"%C2%BFQue_son_las_auroras_boreales\"><\/span><strong>\u00bfQue son las auroras boreales?<\/strong><span class=\"ez-toc-section-end\"><\/span><\/h3>\n\n\n\n<p>Citadas en la mitolog\u00eda de muchos pa\u00edses diferentes como esp\u00edritus de los muertos, lucha entre dragones del bien o del mal, o un carro de fuego cruzando el cielo nocturno: las auroras boreales han sido una fuente de fascinaci\u00f3n, asombro e inspiraci\u00f3n desde tiempos muy antiguos.<\/p>\n\n\n\n<p>Las auroras boreales, tambi\u00e9n llamadas luces del norte, cuando aparecen en el hemisferio Norte, son un vislumbre de la actividad intensa y violenta de nuestra amada estrella, el Sol.<\/p>\n\n\n\n<p>Las luces del Norte o auroras boreales son espect\u00e1culos naturales de luz en el firmamento. Su causa es la interacci\u00f3n de las part\u00edculas cargadas expulsadas del Sol, con la magnetosfera. Esta interacci\u00f3n precipita electrones y protones hacia la parte m\u00e1s alta de la atm\u00f3sfera. Como resultado de estas part\u00edculas cargadas excitando los diferentes constituyentes de esta capa atmosf\u00e9rica, luces de diferentes colores son emitidas.<\/p>\n\n\n\n<p>Vislumbres de la aurora en el cielo estrellado cerca de Vik<\/p>\n\n\n\n<p>El color de las auroras depende de la altitud de colisi\u00f3n de las part\u00edculas con la atm\u00f3sfera terrestre, as\u00ed como con el tipo de \u00e1tomos emitiendo las luces. Su forma depende parcialmente de la velocidad de colisi\u00f3n de las part\u00edculas.<\/p>\n\n\n\n<p>La intensidad del campo magn\u00e9tico terrestre define la direcci\u00f3n de desviaci\u00f3n de las part\u00edculas y por eso las luces del Norte son mas frecuentemente vistas en cerca de los polos, pero este no es el \u00fanico factor, ya que la velocidad de colisi\u00f3n de las part\u00edculas ( viento solar ) tambi\u00e9n influye.<\/p>\n\n\n\n<p>Es por esto&nbsp;que las auroras pueden ser vistas con mucho menos frecuencia a latitudes mas bajas. Hay constancia de auroras en zonas a latitudes muy <a href=\"https:\/\/www.bbc.com\/mundo\/noticias\/2014\/03\/140228_respuestas_curiosos_1mar_finde\">cerca del ecuador<\/a>, cuando por ejemplo la velocidad del viento solar en muy alta o se produce una <a href=\"https:\/\/es.wikipedia.org\/wiki\/Eyecci\u00f3n_de_masa_coronal\">ejecci\u00f3n de masa corona<\/a>l, formando las llamadas tormentas geomagn\u00e9ticas.<\/p>\n\n\n\n<p>Observar las auroras boreales no se trata s\u00f3lo de un show art\u00edstico ofrecido por la naturaleza&nbsp;&nbsp;sino de una experiencia educativa incomparable.<\/p>\n\n\n\n<p>Las auroras boreales pueden ser dif\u00edciles de ver y podr\u00edas decepcionarte si planeas un viaje a Islandia con el \u00fanico objetico de verlas.&nbsp;&nbsp;Pero no te alarmes si tienes mala suerte Islandia es una pa\u00eds de ensue\u00f1o con un mont\u00f3n de maravillas naturales para deleitarte.<\/p>\n\n\n\n<p>LEE M\u00c1S: <a href=\"https:\/\/traveltheworldpages.com\/es\/deberia-viajar-a-islandia-16-razones-para-hacerlo-2\/\">16 razones para visitar Islandia<\/a><\/p>\n\n\n\n<h3 class=\"wp-block-heading\" id=\"mejor-\u00e9poca-para-ver-las-auroras-boreales-en-islandia\"><span class=\"ez-toc-section\" id=\"%C2%BFCual_es_la_mejor_epoca_para_ver_las_auroras_boreales_en_Islandia\"><\/span><strong>\u00bfCu\u00e1l es la mejor \u00e9poca para ver las auroras boreales en Islandia?<\/strong><span class=\"ez-toc-section-end\"><\/span><\/h3>\n\n\n\n<p>Islandia es uno de los mejores lugares en el mundo para poder ver las auroras boreales. Pero no son visibles durante todo el a\u00f1o debido a la larga duraci\u00f3n del d\u00eda solar durante la primavera y el verano.<\/p>\n\n\n\n<p>Por lo tanto la mejor \u00e9poca del a\u00f1o para ver las auroras boreales en&nbsp;&nbsp;Islandia es en oto\u00f1o e invierno. Las auroras comienzan a verse a \u00faltimos de Septiembre, de hecho las fotos que puedes ver en este art\u00edculo las tom\u00e9 a \u00faltimos de Septiembre, hasta principios de Marzo.<\/p>\n\n\n\n<p>Hay otros factores que influyen tambi\u00e9n en la probabilidad de ver auroras y voy a explicar eso en la pr\u00f3xima secci\u00f3n.<\/p>\n\n\n\n<h3 class=\"wp-block-heading\" id=\"incrementar-la-posibilidad-de-ver-la-aurora-boreal-en-tu-viaje\"><span class=\"ez-toc-section\" id=\"%C2%BF_Como_incrementar_la_posibilidad_de_ver_la_aurora_boreal_en_tu_viaje\"><\/span><strong>\u00bf C\u00f3mo incrementar la posibilidad de ver la aurora boreal en tu viaje?<\/strong><span class=\"ez-toc-section-end\"><\/span><\/h3>\n\n\n\n<p>La aurora boreal planeando tu punto de observaci\u00f3n nocturna. La aurora se ve cuando hay cielos completamente despejados o con pocas nubes y la intensidad est\u00e1 en el rango visible.<\/p>\n\n\n\n<p>Para planear esto puedes mirar el <a href=\"https:\/\/en.vedur.is\/weather\/forecasts\/aurora\/\">pron\u00f3stico de auroras en Vedur<\/a>, la p\u00e1gina del instituto metereol\u00f3gico de Islandia.<\/p>\n\n\n\n<p>En est\u00e1 p\u00e1gina ver\u00e1 un mapa que se\u00f1ala la cantidad de nubes en el cielo y la intensidad le la aurora en cada zona.<\/p>\n\n\n\n<p>Ejemplo del pron\u00f3stico de aurora en Vedur<\/p>\n\n\n\n<p>La escala de intensidad de la aurora va de 0 o 9, pero como todo pron\u00f3stico no es 100 % preciso, aunque si una muy buena herramienta para gu\u00edarse. La aurora m\u00e1s intensa que vi en mi viaje fue en una zona de intensidad 2 para aquel d\u00eda.<\/p>\n\n\n\n<p>Otro factor a tener en cuenta a la hora de planear los avistamientos de auroras es el ciclo de actividad del Sol.<\/p>\n\n\n\n<p>Cada 11 a\u00f1os el Sol tiene un m\u00e1ximo de actividad y durante eso per\u00edodos las auroras se ven casi todos los d\u00edas, siempre y cuando el cielo est\u00e9 despejado. Durante un m\u00e1ximo de actividad solar las auroras son tan intensas y frecuentes que pueden verse incluso en Reykavik, a pesar de la contaminaci\u00f3n lum\u00ednica. Puedes ver una foto en este art\u00edculo tomada en el \u00faltimo d\u00eda de mi viaje en Reykavik.<\/p>\n\n\n\n<figure class=\"wp-block-image size-full\"><img data-recalc-dims=\"1\" loading=\"lazy\" decoding=\"async\" width=\"1024\" height=\"683\" src=\"https:\/\/i0.wp.com\/traveltheworldpages.com\/es\/wp-content\/uploads\/2022\/04\/AuroraReyjavik-.jpg?resize=1024%2C683&#038;ssl=1\" alt=\"El cielo con nubes y la aurora boreal muy tenue\" class=\"wp-image-54\" srcset=\"https:\/\/i0.wp.com\/traveltheworldpages.com\/es\/wp-content\/uploads\/2022\/04\/AuroraReyjavik-.jpg?w=1024&amp;ssl=1 1024w, https:\/\/i0.wp.com\/traveltheworldpages.com\/es\/wp-content\/uploads\/2022\/04\/AuroraReyjavik-.jpg?resize=300%2C200&amp;ssl=1 300w, https:\/\/i0.wp.com\/traveltheworldpages.com\/es\/wp-content\/uploads\/2022\/04\/AuroraReyjavik-.jpg?resize=768%2C512&amp;ssl=1 768w, https:\/\/i0.wp.com\/traveltheworldpages.com\/es\/wp-content\/uploads\/2022\/04\/AuroraReyjavik-.jpg?resize=600%2C400&amp;ssl=1 600w, https:\/\/i0.wp.com\/traveltheworldpages.com\/es\/wp-content\/uploads\/2022\/04\/AuroraReyjavik-.jpg?resize=800%2C534&amp;ssl=1 800w, https:\/\/i0.wp.com\/traveltheworldpages.com\/es\/wp-content\/uploads\/2022\/04\/AuroraReyjavik-.jpg?resize=227%2C152&amp;ssl=1 227w, https:\/\/i0.wp.com\/traveltheworldpages.com\/es\/wp-content\/uploads\/2022\/04\/AuroraReyjavik-.jpg?resize=143%2C96&amp;ssl=1 143w, https:\/\/i0.wp.com\/traveltheworldpages.com\/es\/wp-content\/uploads\/2022\/04\/AuroraReyjavik-.jpg?resize=585%2C390&amp;ssl=1 585w, https:\/\/i0.wp.com\/traveltheworldpages.com\/es\/wp-content\/uploads\/2022\/04\/AuroraReyjavik-.jpg?resize=385%2C257&amp;ssl=1 385w\" sizes=\"auto, (max-width: 1024px) 100vw, 1024px\" \/><figcaption>Aurora Reijavik<\/figcaption><\/figure>\n\n\n\n<p><\/p>\n\n\n\n<p>El pr\u00f3ximo m\u00e1ximo de actividad solar ser\u00e1 en el a\u00f1o 2024. Pero no te detengas si quieres visitar Islandia antes. Las auroras se ven siempre en Islandia aunque con menos frecuencia.<\/p>\n\n\n\n<h3 class=\"wp-block-heading\" id=\"consejos-para-fotograf\u00eda-de-auroras-boreales\"><span class=\"ez-toc-section\" id=\"Como_fotografiar_las_auroras_boreales_Consejos_para_principiantes_y_equipo_recomendado\"><\/span><strong>Como fotograf\u00edar las auroras boreales: Consejos para principiantes y equipo recomendado<\/strong><span class=\"ez-toc-section-end\"><\/span><\/h3>\n\n\n\n<p>Nota: En muchas ocasiones cuando la intensidad de la aurora es baja se ve a simple vista de color blanco y s\u00f3lo se aprecia el color verde al capturarla en fotograf\u00eda. De este art\u00edculo las fotos de las auroras tomadas en Vik son de una aurora de color verde al ojo desnudo.<\/p>\n\n\n\n<p>Ropa de abrigo:&nbsp;&nbsp;Esto es esencial, y te\u00ad recomiendo llevar m\u00e1s de la cuenta, ya que a veces tendr\u00e1s que esperar durante mucho tiempo a que las luces del norte aparezcan.&nbsp;&nbsp;Es recomendable hasta llevar alguna almohadilla t\u00e9rmica para los pies y las manos, ya que el fr\u00edo puede llegar a ser muy intenso. Recuerda que estar\u00e1s mucho m\u00e1s pr\u00f3ximo a polo Norte que en tu lugar de residencia habitual.<\/p>\n\n\n\n<p>Termo con bebida caliente: Es recomendable llevar contigo un termo con t\u00e9 o caf\u00e9 caliente para reconfortarte durante la espera.<\/p>\n\n\n\n<p>C\u00e1mara de fotos:&nbsp;Cualquier c\u00e1mara de fotos que puedas controlar manualmente y qu\u00e9 tenga un buen sensor para fotograf\u00eda nocturna te bastar\u00e1. Aunque por supuesto cuanto mejor la c\u00e1mara, mejores los resultados. Yo uso una Sony RX100 III, que es una c\u00e1mara compacta peque\u00f1a, muy f\u00e1cil de llevar contigo, pero con un sensor comparable al de las c\u00e1maras m\u00e1s grandes profesionales y de alta gama. La c\u00e1mara tiene tambi\u00e9n un modo autom\u00e1tico excelente. Puede bastarte con usar en modo autom\u00e1tico si la aurora es lo suficientemente intensa.<\/p>\n\n\n\n<p>Tr\u00edpode:&nbsp;Tendr\u00e1s que disparar normalmente con larga exposici\u00f3n con lo cual el llevar un tr\u00edpode contigo es esencial. A falta de un tr\u00edpode podr\u00edas tambi\u00e9n posicionar la c\u00e1mara en una superficie s\u00f3lida, pero esto te limitar\u00e1. Yo siempre llevo conmigo un tr\u00edpode ligero de viaje.<\/p>\n\n\n\n<p>Bater\u00edas:&nbsp;Yo siempre llevo conmigo al menos una bater\u00eda extra para mi c\u00e1mara, ya que decepciona mucho quedarse sin bater\u00eda en el mejor momento para tomar fotograf\u00edas.<\/p>\n\n\n\n<p>Para capturar la aurora con alta intensidad la Sony RX100 funciona muy bien en modo autom\u00e1tico. Pero no siempre es el caso.<\/p>\n\n\n\n<p>Mis ajustes recomendados para capturar la aurora boreal son los siguientes.<\/p>\n\n\n\n<p>Para capturar la aurora con alta intensidad la Sony RX100 funciona muy bien en modo autom\u00e1tico. Pero no siempre es el caso.<\/p>\n\n\n\n<p>Mis ajustes recomendados para capturar la aurora boreal son los siguientes.<\/p>\n\n\n\n<p>ISO 1600<\/p>\n\n\n\n<p>f\/ 1.8<\/p>\n\n\n\n<p>Exposici\u00f3n 5- 10 segundos<\/p>\n","protected":false},"excerpt":{"rendered":"<p>Ver las auroras boreales por primera vez es una experiencia m\u00e1gica. Ver el cielo te\u00f1ido de&nbsp;gigantes llamas de intensos verdes o p\u00farpuras produce la sensaci\u00f3n de un mundo on\u00edrico y&nbsp;desconocido abri\u00e9ndose ante tus ojos. La intensa actividad de nuestra estrella reflejada en el&nbsp;firmamento nocturno es tanto una experiencia educativa, ya que al verla no puedes&#8230;<\/p>\n","protected":false},"author":1,"featured_media":52,"comment_status":"open","ping_status":"open","sticky":false,"template":"","format":"standard","meta":{"nf_dc_page":"","om_disable_all_campaigns":false,"_kad_post_transparent":"","_kad_post_title":"","_kad_post_layout":"","_kad_post_sidebar_id":"","_kad_post_content_style":"","_kad_post_vertical_padding":"","_kad_post_feature":"","_kad_post_feature_position":"","_kad_post_header":false,"_kad_post_footer":false,"_kad_post_classname":"","_jetpack_memberships_contains_paid_content":false,"footnotes":""},"categories":[5],"tags":[],"class_list":["post-42","post","type-post","status-publish","format-standard","has-post-thumbnail","hentry","category-islandia"],"yoast_head":"<!-- This site is optimized with the Yoast SEO plugin v27.4 - https:\/\/yoast.com\/product\/yoast-seo-wordpress\/ -->\n<title>Tras la pista y mejor \u00e9poca para ver las auroras boreales - TravelTheWorldPages<\/title>\n<meta name=\"robots\" content=\"index, follow, max-snippet:-1, max-image-preview:large, max-video-preview:-1\" \/>\n<link rel=\"canonical\" href=\"https:\/\/traveltheworldpages.com\/es\/tras-la-pista-y-mejor-epoca-para-ver-las-auroras-boreales\/\" \/>\n<meta property=\"og:locale\" content=\"en_US\" \/>\n<meta property=\"og:type\" content=\"article\" \/>\n<meta property=\"og:title\" content=\"Tras la pista y mejor \u00e9poca para ver las auroras boreales - TravelTheWorldPages\" \/>\n<meta property=\"og:description\" content=\"Ver las auroras boreales por primera vez es una experiencia m\u00e1gica. Ver el cielo te\u00f1ido de&nbsp;gigantes llamas de intensos verdes o p\u00farpuras produce la sensaci\u00f3n de un mundo on\u00edrico y&nbsp;desconocido abri\u00e9ndose ante tus ojos. La intensa actividad de nuestra estrella reflejada en el&nbsp;firmamento nocturno es tanto una experiencia educativa, ya que al verla no puedes...\" \/>\n<meta property=\"og:url\" content=\"https:\/\/traveltheworldpages.com\/es\/tras-la-pista-y-mejor-epoca-para-ver-las-auroras-boreales\/\" \/>\n<meta property=\"og:site_name\" content=\"TravelTheWorldPages\" \/>\n<meta property=\"article:published_time\" content=\"2022-04-22T21:35:18+00:00\" \/>\n<meta property=\"article:modified_time\" content=\"2022-04-22T22:23:12+00:00\" \/>\n<meta property=\"og:image\" content=\"https:\/\/traveltheworldpages.com\/es\/wp-content\/uploads\/2022\/04\/Aurora-Boreal-Vik.jpg\" \/>\n\t<meta property=\"og:image:width\" content=\"1024\" \/>\n\t<meta property=\"og:image:height\" content=\"552\" \/>\n\t<meta property=\"og:image:type\" content=\"image\/jpeg\" \/>\n<meta name=\"author\" content=\"Pilar\" \/>\n<meta name=\"twitter:card\" content=\"summary_large_image\" \/>\n<meta name=\"twitter:label1\" content=\"Written by\" \/>\n\t<meta name=\"twitter:data1\" content=\"Pilar\" \/>\n\t<meta name=\"twitter:label2\" content=\"Est. reading time\" \/>\n\t<meta name=\"twitter:data2\" content=\"9 minutes\" \/>\n<script type=\"application\/ld+json\" class=\"yoast-schema-graph\">{\"@context\":\"https:\\\/\\\/schema.org\",\"@graph\":[{\"@type\":\"Article\",\"@id\":\"https:\\\/\\\/traveltheworldpages.com\\\/es\\\/tras-la-pista-y-mejor-epoca-para-ver-las-auroras-boreales\\\/#article\",\"isPartOf\":{\"@id\":\"https:\\\/\\\/traveltheworldpages.com\\\/es\\\/tras-la-pista-y-mejor-epoca-para-ver-las-auroras-boreales\\\/\"},\"author\":{\"name\":\"Pilar\",\"@id\":\"https:\\\/\\\/traveltheworldpages.com\\\/es\\\/#\\\/schema\\\/person\\\/2f4544cb5a5eb6e890418f2fdfaad3aa\"},\"headline\":\"Tras la pista y mejor \u00e9poca para ver las auroras boreales\",\"datePublished\":\"2022-04-22T21:35:18+00:00\",\"dateModified\":\"2022-04-22T22:23:12+00:00\",\"mainEntityOfPage\":{\"@id\":\"https:\\\/\\\/traveltheworldpages.com\\\/es\\\/tras-la-pista-y-mejor-epoca-para-ver-las-auroras-boreales\\\/\"},\"wordCount\":2032,\"commentCount\":0,\"image\":{\"@id\":\"https:\\\/\\\/traveltheworldpages.com\\\/es\\\/tras-la-pista-y-mejor-epoca-para-ver-las-auroras-boreales\\\/#primaryimage\"},\"thumbnailUrl\":\"https:\\\/\\\/i0.wp.com\\\/traveltheworldpages.com\\\/es\\\/wp-content\\\/uploads\\\/2022\\\/04\\\/Aurora-Boreal-Vik.jpg?fit=1024%2C552&ssl=1\",\"articleSection\":[\"Islandia\"],\"inLanguage\":\"en-US\",\"potentialAction\":[{\"@type\":\"CommentAction\",\"name\":\"Comment\",\"target\":[\"https:\\\/\\\/traveltheworldpages.com\\\/es\\\/tras-la-pista-y-mejor-epoca-para-ver-las-auroras-boreales\\\/#respond\"]}]},{\"@type\":\"WebPage\",\"@id\":\"https:\\\/\\\/traveltheworldpages.com\\\/es\\\/tras-la-pista-y-mejor-epoca-para-ver-las-auroras-boreales\\\/\",\"url\":\"https:\\\/\\\/traveltheworldpages.com\\\/es\\\/tras-la-pista-y-mejor-epoca-para-ver-las-auroras-boreales\\\/\",\"name\":\"Tras la pista y mejor \u00e9poca para ver las auroras boreales - TravelTheWorldPages\",\"isPartOf\":{\"@id\":\"https:\\\/\\\/traveltheworldpages.com\\\/es\\\/#website\"},\"primaryImageOfPage\":{\"@id\":\"https:\\\/\\\/traveltheworldpages.com\\\/es\\\/tras-la-pista-y-mejor-epoca-para-ver-las-auroras-boreales\\\/#primaryimage\"},\"image\":{\"@id\":\"https:\\\/\\\/traveltheworldpages.com\\\/es\\\/tras-la-pista-y-mejor-epoca-para-ver-las-auroras-boreales\\\/#primaryimage\"},\"thumbnailUrl\":\"https:\\\/\\\/i0.wp.com\\\/traveltheworldpages.com\\\/es\\\/wp-content\\\/uploads\\\/2022\\\/04\\\/Aurora-Boreal-Vik.jpg?fit=1024%2C552&ssl=1\",\"datePublished\":\"2022-04-22T21:35:18+00:00\",\"dateModified\":\"2022-04-22T22:23:12+00:00\",\"author\":{\"@id\":\"https:\\\/\\\/traveltheworldpages.com\\\/es\\\/#\\\/schema\\\/person\\\/2f4544cb5a5eb6e890418f2fdfaad3aa\"},\"breadcrumb\":{\"@id\":\"https:\\\/\\\/traveltheworldpages.com\\\/es\\\/tras-la-pista-y-mejor-epoca-para-ver-las-auroras-boreales\\\/#breadcrumb\"},\"inLanguage\":\"en-US\",\"potentialAction\":[{\"@type\":\"ReadAction\",\"target\":[\"https:\\\/\\\/traveltheworldpages.com\\\/es\\\/tras-la-pista-y-mejor-epoca-para-ver-las-auroras-boreales\\\/\"]}]},{\"@type\":\"ImageObject\",\"inLanguage\":\"en-US\",\"@id\":\"https:\\\/\\\/traveltheworldpages.com\\\/es\\\/tras-la-pista-y-mejor-epoca-para-ver-las-auroras-boreales\\\/#primaryimage\",\"url\":\"https:\\\/\\\/i0.wp.com\\\/traveltheworldpages.com\\\/es\\\/wp-content\\\/uploads\\\/2022\\\/04\\\/Aurora-Boreal-Vik.jpg?fit=1024%2C552&ssl=1\",\"contentUrl\":\"https:\\\/\\\/i0.wp.com\\\/traveltheworldpages.com\\\/es\\\/wp-content\\\/uploads\\\/2022\\\/04\\\/Aurora-Boreal-Vik.jpg?fit=1024%2C552&ssl=1\",\"width\":1024,\"height\":552,\"caption\":\"Imagen de la aurora boreal en Vik\"},{\"@type\":\"BreadcrumbList\",\"@id\":\"https:\\\/\\\/traveltheworldpages.com\\\/es\\\/tras-la-pista-y-mejor-epoca-para-ver-las-auroras-boreales\\\/#breadcrumb\",\"itemListElement\":[{\"@type\":\"ListItem\",\"position\":1,\"name\":\"Home\",\"item\":\"https:\\\/\\\/traveltheworldpages.com\\\/es\\\/\"},{\"@type\":\"ListItem\",\"position\":2,\"name\":\"Tras la pista y mejor \u00e9poca para ver las auroras boreales\"}]},{\"@type\":\"WebSite\",\"@id\":\"https:\\\/\\\/traveltheworldpages.com\\\/es\\\/#website\",\"url\":\"https:\\\/\\\/traveltheworldpages.com\\\/es\\\/\",\"name\":\"TravelTheWorldPages\",\"description\":\"Viajes culturales y desarollo personal\",\"potentialAction\":[{\"@type\":\"SearchAction\",\"target\":{\"@type\":\"EntryPoint\",\"urlTemplate\":\"https:\\\/\\\/traveltheworldpages.com\\\/es\\\/?s={search_term_string}\"},\"query-input\":{\"@type\":\"PropertyValueSpecification\",\"valueRequired\":true,\"valueName\":\"search_term_string\"}}],\"inLanguage\":\"en-US\"},{\"@type\":\"Person\",\"@id\":\"https:\\\/\\\/traveltheworldpages.com\\\/es\\\/#\\\/schema\\\/person\\\/2f4544cb5a5eb6e890418f2fdfaad3aa\",\"name\":\"Pilar\",\"image\":{\"@type\":\"ImageObject\",\"inLanguage\":\"en-US\",\"@id\":\"https:\\\/\\\/secure.gravatar.com\\\/avatar\\\/f7db1afd76c18ebe98b08fbbda363a50012fe4f8044999b86fd44136bd3d44e2?s=96&d=mm&r=g\",\"url\":\"https:\\\/\\\/secure.gravatar.com\\\/avatar\\\/f7db1afd76c18ebe98b08fbbda363a50012fe4f8044999b86fd44136bd3d44e2?s=96&d=mm&r=g\",\"contentUrl\":\"https:\\\/\\\/secure.gravatar.com\\\/avatar\\\/f7db1afd76c18ebe98b08fbbda363a50012fe4f8044999b86fd44136bd3d44e2?s=96&d=mm&r=g\",\"caption\":\"Pilar\"},\"sameAs\":[\"https:\\\/\\\/traveltheworldpages.com\\\/es\"],\"url\":\"https:\\\/\\\/traveltheworldpages.com\\\/es\\\/author\\\/admin\\\/\"}]}<\/script>\n<!-- \/ Yoast SEO plugin. -->","yoast_head_json":{"title":"Tras la pista y mejor \u00e9poca para ver las auroras boreales - TravelTheWorldPages","robots":{"index":"index","follow":"follow","max-snippet":"max-snippet:-1","max-image-preview":"max-image-preview:large","max-video-preview":"max-video-preview:-1"},"canonical":"https:\/\/traveltheworldpages.com\/es\/tras-la-pista-y-mejor-epoca-para-ver-las-auroras-boreales\/","og_locale":"en_US","og_type":"article","og_title":"Tras la pista y mejor \u00e9poca para ver las auroras boreales - TravelTheWorldPages","og_description":"Ver las auroras boreales por primera vez es una experiencia m\u00e1gica. Ver el cielo te\u00f1ido de&nbsp;gigantes llamas de intensos verdes o p\u00farpuras produce la sensaci\u00f3n de un mundo on\u00edrico y&nbsp;desconocido abri\u00e9ndose ante tus ojos. La intensa actividad de nuestra estrella reflejada en el&nbsp;firmamento nocturno es tanto una experiencia educativa, ya que al verla no puedes...","og_url":"https:\/\/traveltheworldpages.com\/es\/tras-la-pista-y-mejor-epoca-para-ver-las-auroras-boreales\/","og_site_name":"TravelTheWorldPages","article_published_time":"2022-04-22T21:35:18+00:00","article_modified_time":"2022-04-22T22:23:12+00:00","og_image":[{"width":1024,"height":552,"url":"https:\/\/traveltheworldpages.com\/es\/wp-content\/uploads\/2022\/04\/Aurora-Boreal-Vik.jpg","type":"image\/jpeg"}],"author":"Pilar","twitter_card":"summary_large_image","twitter_misc":{"Written by":"Pilar","Est. reading time":"9 minutes"},"schema":{"@context":"https:\/\/schema.org","@graph":[{"@type":"Article","@id":"https:\/\/traveltheworldpages.com\/es\/tras-la-pista-y-mejor-epoca-para-ver-las-auroras-boreales\/#article","isPartOf":{"@id":"https:\/\/traveltheworldpages.com\/es\/tras-la-pista-y-mejor-epoca-para-ver-las-auroras-boreales\/"},"author":{"name":"Pilar","@id":"https:\/\/traveltheworldpages.com\/es\/#\/schema\/person\/2f4544cb5a5eb6e890418f2fdfaad3aa"},"headline":"Tras la pista y mejor \u00e9poca para ver las auroras boreales","datePublished":"2022-04-22T21:35:18+00:00","dateModified":"2022-04-22T22:23:12+00:00","mainEntityOfPage":{"@id":"https:\/\/traveltheworldpages.com\/es\/tras-la-pista-y-mejor-epoca-para-ver-las-auroras-boreales\/"},"wordCount":2032,"commentCount":0,"image":{"@id":"https:\/\/traveltheworldpages.com\/es\/tras-la-pista-y-mejor-epoca-para-ver-las-auroras-boreales\/#primaryimage"},"thumbnailUrl":"https:\/\/i0.wp.com\/traveltheworldpages.com\/es\/wp-content\/uploads\/2022\/04\/Aurora-Boreal-Vik.jpg?fit=1024%2C552&ssl=1","articleSection":["Islandia"],"inLanguage":"en-US","potentialAction":[{"@type":"CommentAction","name":"Comment","target":["https:\/\/traveltheworldpages.com\/es\/tras-la-pista-y-mejor-epoca-para-ver-las-auroras-boreales\/#respond"]}]},{"@type":"WebPage","@id":"https:\/\/traveltheworldpages.com\/es\/tras-la-pista-y-mejor-epoca-para-ver-las-auroras-boreales\/","url":"https:\/\/traveltheworldpages.com\/es\/tras-la-pista-y-mejor-epoca-para-ver-las-auroras-boreales\/","name":"Tras la pista y mejor \u00e9poca para ver las auroras boreales - TravelTheWorldPages","isPartOf":{"@id":"https:\/\/traveltheworldpages.com\/es\/#website"},"primaryImageOfPage":{"@id":"https:\/\/traveltheworldpages.com\/es\/tras-la-pista-y-mejor-epoca-para-ver-las-auroras-boreales\/#primaryimage"},"image":{"@id":"https:\/\/traveltheworldpages.com\/es\/tras-la-pista-y-mejor-epoca-para-ver-las-auroras-boreales\/#primaryimage"},"thumbnailUrl":"https:\/\/i0.wp.com\/traveltheworldpages.com\/es\/wp-content\/uploads\/2022\/04\/Aurora-Boreal-Vik.jpg?fit=1024%2C552&ssl=1","datePublished":"2022-04-22T21:35:18+00:00","dateModified":"2022-04-22T22:23:12+00:00","author":{"@id":"https:\/\/traveltheworldpages.com\/es\/#\/schema\/person\/2f4544cb5a5eb6e890418f2fdfaad3aa"},"breadcrumb":{"@id":"https:\/\/traveltheworldpages.com\/es\/tras-la-pista-y-mejor-epoca-para-ver-las-auroras-boreales\/#breadcrumb"},"inLanguage":"en-US","potentialAction":[{"@type":"ReadAction","target":["https:\/\/traveltheworldpages.com\/es\/tras-la-pista-y-mejor-epoca-para-ver-las-auroras-boreales\/"]}]},{"@type":"ImageObject","inLanguage":"en-US","@id":"https:\/\/traveltheworldpages.com\/es\/tras-la-pista-y-mejor-epoca-para-ver-las-auroras-boreales\/#primaryimage","url":"https:\/\/i0.wp.com\/traveltheworldpages.com\/es\/wp-content\/uploads\/2022\/04\/Aurora-Boreal-Vik.jpg?fit=1024%2C552&ssl=1","contentUrl":"https:\/\/i0.wp.com\/traveltheworldpages.com\/es\/wp-content\/uploads\/2022\/04\/Aurora-Boreal-Vik.jpg?fit=1024%2C552&ssl=1","width":1024,"height":552,"caption":"Imagen de la aurora boreal en Vik"},{"@type":"BreadcrumbList","@id":"https:\/\/traveltheworldpages.com\/es\/tras-la-pista-y-mejor-epoca-para-ver-las-auroras-boreales\/#breadcrumb","itemListElement":[{"@type":"ListItem","position":1,"name":"Home","item":"https:\/\/traveltheworldpages.com\/es\/"},{"@type":"ListItem","position":2,"name":"Tras la pista y mejor \u00e9poca para ver las auroras boreales"}]},{"@type":"WebSite","@id":"https:\/\/traveltheworldpages.com\/es\/#website","url":"https:\/\/traveltheworldpages.com\/es\/","name":"TravelTheWorldPages","description":"Viajes culturales y desarollo personal","potentialAction":[{"@type":"SearchAction","target":{"@type":"EntryPoint","urlTemplate":"https:\/\/traveltheworldpages.com\/es\/?s={search_term_string}"},"query-input":{"@type":"PropertyValueSpecification","valueRequired":true,"valueName":"search_term_string"}}],"inLanguage":"en-US"},{"@type":"Person","@id":"https:\/\/traveltheworldpages.com\/es\/#\/schema\/person\/2f4544cb5a5eb6e890418f2fdfaad3aa","name":"Pilar","image":{"@type":"ImageObject","inLanguage":"en-US","@id":"https:\/\/secure.gravatar.com\/avatar\/f7db1afd76c18ebe98b08fbbda363a50012fe4f8044999b86fd44136bd3d44e2?s=96&d=mm&r=g","url":"https:\/\/secure.gravatar.com\/avatar\/f7db1afd76c18ebe98b08fbbda363a50012fe4f8044999b86fd44136bd3d44e2?s=96&d=mm&r=g","contentUrl":"https:\/\/secure.gravatar.com\/avatar\/f7db1afd76c18ebe98b08fbbda363a50012fe4f8044999b86fd44136bd3d44e2?s=96&d=mm&r=g","caption":"Pilar"},"sameAs":["https:\/\/traveltheworldpages.com\/es"],"url":"https:\/\/traveltheworldpages.com\/es\/author\/admin\/"}]}},"jetpack_featured_media_url":"https:\/\/i0.wp.com\/traveltheworldpages.com\/es\/wp-content\/uploads\/2022\/04\/Aurora-Boreal-Vik.jpg?fit=1024%2C552&ssl=1","jetpack_sharing_enabled":true,"_links":{"self":[{"href":"https:\/\/traveltheworldpages.com\/es\/wp-json\/wp\/v2\/posts\/42","targetHints":{"allow":["GET"]}}],"collection":[{"href":"https:\/\/traveltheworldpages.com\/es\/wp-json\/wp\/v2\/posts"}],"about":[{"href":"https:\/\/traveltheworldpages.com\/es\/wp-json\/wp\/v2\/types\/post"}],"author":[{"embeddable":true,"href":"https:\/\/traveltheworldpages.com\/es\/wp-json\/wp\/v2\/users\/1"}],"replies":[{"embeddable":true,"href":"https:\/\/traveltheworldpages.com\/es\/wp-json\/wp\/v2\/comments?post=42"}],"version-history":[{"count":5,"href":"https:\/\/traveltheworldpages.com\/es\/wp-json\/wp\/v2\/posts\/42\/revisions"}],"predecessor-version":[{"id":58,"href":"https:\/\/traveltheworldpages.com\/es\/wp-json\/wp\/v2\/posts\/42\/revisions\/58"}],"wp:featuredmedia":[{"embeddable":true,"href":"https:\/\/traveltheworldpages.com\/es\/wp-json\/wp\/v2\/media\/52"}],"wp:attachment":[{"href":"https:\/\/traveltheworldpages.com\/es\/wp-json\/wp\/v2\/media?parent=42"}],"wp:term":[{"taxonomy":"category","embeddable":true,"href":"https:\/\/traveltheworldpages.com\/es\/wp-json\/wp\/v2\/categories?post=42"},{"taxonomy":"post_tag","embeddable":true,"href":"https:\/\/traveltheworldpages.com\/es\/wp-json\/wp\/v2\/tags?post=42"}],"curies":[{"name":"wp","href":"https:\/\/api.w.org\/{rel}","templated":true}]}}