{"id":491,"date":"2024-04-09T17:35:03","date_gmt":"2024-04-09T17:35:03","guid":{"rendered":"https:\/\/traveltheworldpages.com\/es\/?p=491"},"modified":"2024-04-09T17:59:06","modified_gmt":"2024-04-09T17:59:06","slug":"que-ver-en-marken","status":"publish","type":"post","link":"https:\/\/traveltheworldpages.com\/es\/que-ver-en-marken\/","title":{"rendered":"14 MEJORES COSAS QUE HACER Y VER EN MARKEN"},"content":{"rendered":"\n<p class=\"\">Marken is un pueblo cerca de Amsterdam que est\u00e1 conectada a tierra firme por un dique. El pueblo fue en pasado una isla y ahora se le considera una pen\u00ednsula y es uno de mis pueblos favoritos en la zona. Me encanta ir en bicicleta en los d\u00edas de Verano y recorrer sus preciosas calles y acercarme hasta su faro y la playa. Si, vivo en Amsterdam hace muchos a\u00f1os y me conozco sus alrededores como la palma de mi mano casi porque me encanta salir del centro y recorrer la campi\u00f1a para relajarme.<\/p>\n\n\n\n<p class=\"\">Hay bastantes cosas para hacer y ver en Marken para lo peque\u00f1o que es y seguro que lo pasar\u00e1s muy bien durante tu visita. Yo he visitado el pueblo innumerables veces usando todos los medios de transporte posibles y no me canso de admirar su belleza.<\/p>\n\n\n\n<p class=\"\">En esta gu\u00eda comparto contigo los mejores sitios que ver en Marken y fotos que he tomado durante alguna de mis visitas para ayudarte a preparar la tuya de la mejor forma posible.<\/p>\n\n\n\n<figure class=\"wp-block-image size-full is-resized\"><img data-recalc-dims=\"1\" loading=\"lazy\" decoding=\"async\" width=\"1378\" height=\"919\" src=\"https:\/\/i0.wp.com\/traveltheworldpages.com\/es\/wp-content\/uploads\/2024\/04\/Que-ver-en-marken.jpg?resize=1378%2C919&#038;ssl=1\" alt=\"Vista de un canal con nenufares y, la iglesia y varias casas en Marken\" class=\"wp-image-503\" style=\"width:1450px;height:auto\" srcset=\"https:\/\/i0.wp.com\/traveltheworldpages.com\/es\/wp-content\/uploads\/2024\/04\/Que-ver-en-marken.jpg?w=1378&amp;ssl=1 1378w, https:\/\/i0.wp.com\/traveltheworldpages.com\/es\/wp-content\/uploads\/2024\/04\/Que-ver-en-marken.jpg?resize=300%2C200&amp;ssl=1 300w, https:\/\/i0.wp.com\/traveltheworldpages.com\/es\/wp-content\/uploads\/2024\/04\/Que-ver-en-marken.jpg?resize=1024%2C683&amp;ssl=1 1024w, https:\/\/i0.wp.com\/traveltheworldpages.com\/es\/wp-content\/uploads\/2024\/04\/Que-ver-en-marken.jpg?resize=768%2C512&amp;ssl=1 768w\" sizes=\"auto, (max-width: 1378px) 100vw, 1378px\" \/><\/figure>\n\n\n\n<h2 class=\"wp-block-heading\"><span class=\"ez-toc-section\" id=\"SOBRE_MARKEN\"><\/span>SOBRE MARKEN<span class=\"ez-toc-section-end\"><\/span><\/h2><div id=\"ez-toc-container\" class=\"ez-toc-v2_0_82_2 counter-hierarchy ez-toc-counter ez-toc-grey ez-toc-container-direction\">\n<div class=\"ez-toc-title-container\">\n<p class=\"ez-toc-title\" style=\"cursor:inherit\">Table of Contents<\/p>\n<span class=\"ez-toc-title-toggle\"><a href=\"#\" class=\"ez-toc-pull-right ez-toc-btn ez-toc-btn-xs ez-toc-btn-default ez-toc-toggle\" aria-label=\"Toggle Table of Content\"><span class=\"ez-toc-js-icon-con\"><span class=\"\"><span class=\"eztoc-hide\" style=\"display:none;\">Toggle<\/span><span class=\"ez-toc-icon-toggle-span\"><svg style=\"fill: #999;color:#999\" xmlns=\"http:\/\/www.w3.org\/2000\/svg\" class=\"list-377408\" width=\"20px\" height=\"20px\" viewBox=\"0 0 24 24\" fill=\"none\"><path d=\"M6 6H4v2h2V6zm14 0H8v2h12V6zM4 11h2v2H4v-2zm16 0H8v2h12v-2zM4 16h2v2H4v-2zm16 0H8v2h12v-2z\" fill=\"currentColor\"><\/path><\/svg><svg style=\"fill: #999;color:#999\" class=\"arrow-unsorted-368013\" xmlns=\"http:\/\/www.w3.org\/2000\/svg\" width=\"10px\" height=\"10px\" viewBox=\"0 0 24 24\" version=\"1.2\" baseProfile=\"tiny\"><path d=\"M18.2 9.3l-6.2-6.3-6.2 6.3c-.2.2-.3.4-.3.7s.1.5.3.7c.2.2.4.3.7.3h11c.3 0 .5-.1.7-.3.2-.2.3-.5.3-.7s-.1-.5-.3-.7zM5.8 14.7l6.2 6.3 6.2-6.3c.2-.2.3-.5.3-.7s-.1-.5-.3-.7c-.2-.2-.4-.3-.7-.3h-11c-.3 0-.5.1-.7.3-.2.2-.3.5-.3.7s.1.5.3.7z\"\/><\/svg><\/span><\/span><\/span><\/a><\/span><\/div>\n<nav><ul class='ez-toc-list ez-toc-list-level-1 ' ><li class='ez-toc-page-1 ez-toc-heading-level-2'><a class=\"ez-toc-link ez-toc-heading-1\" href=\"https:\/\/traveltheworldpages.com\/es\/que-ver-en-marken\/#SOBRE_MARKEN\" >SOBRE MARKEN<\/a><\/li><li class='ez-toc-page-1 ez-toc-heading-level-2'><a class=\"ez-toc-link ez-toc-heading-2\" href=\"https:\/\/traveltheworldpages.com\/es\/que-ver-en-marken\/#MI_EXPERIENCIA_EN_MARKEN\" >MI EXPERIENCIA EN MARKEN<\/a><\/li><li class='ez-toc-page-1 ez-toc-heading-level-2'><a class=\"ez-toc-link ez-toc-heading-3\" href=\"https:\/\/traveltheworldpages.com\/es\/que-ver-en-marken\/#UBICACION_DE_MARKEN\" >UBICACI\u00d3N DE MARKEN<\/a><\/li><li class='ez-toc-page-1 ez-toc-heading-level-2'><a class=\"ez-toc-link ez-toc-heading-4\" href=\"https:\/\/traveltheworldpages.com\/es\/que-ver-en-marken\/#COMO_LLEGAR_A_MARKEN\" >C\u00d3MO LLEGAR A MARKEN<\/a><\/li><li class='ez-toc-page-1 ez-toc-heading-level-2'><a class=\"ez-toc-link ez-toc-heading-5\" href=\"https:\/\/traveltheworldpages.com\/es\/que-ver-en-marken\/#14_COSAS_QUE_HACER_Y_VER_EN_MARKEN\" >14 COSAS QUE HACER Y VER EN MARKEN<\/a><ul class='ez-toc-list-level-3' ><li class='ez-toc-heading-level-3'><a class=\"ez-toc-link ez-toc-heading-6\" href=\"https:\/\/traveltheworldpages.com\/es\/que-ver-en-marken\/#REALIZA_UN_TOUR_A_PIE_POR_MARKEN\" >REALIZA UN TOUR A PIE POR MARKEN<\/a><\/li><li class='ez-toc-page-1 ez-toc-heading-level-3'><a class=\"ez-toc-link ez-toc-heading-7\" href=\"https:\/\/traveltheworldpages.com\/es\/que-ver-en-marken\/#EXPERIENCIA_SIJTJE_BOES\" >EXPERIENCIA SIJTJE BOES<\/a><\/li><li class='ez-toc-page-1 ez-toc-heading-level-3'><a class=\"ez-toc-link ez-toc-heading-8\" href=\"https:\/\/traveltheworldpages.com\/es\/que-ver-en-marken\/#MUSEO_DE_MARKEN\" >MUSEO DE MARKEN<\/a><\/li><li class='ez-toc-page-1 ez-toc-heading-level-3'><a class=\"ez-toc-link ez-toc-heading-9\" href=\"https:\/\/traveltheworldpages.com\/es\/que-ver-en-marken\/#GROTE_KERK\" >GROTE KERK<\/a><\/li><li class='ez-toc-page-1 ez-toc-heading-level-3'><a class=\"ez-toc-link ez-toc-heading-10\" href=\"https:\/\/traveltheworldpages.com\/es\/que-ver-en-marken\/#MEMORIAL_DE_INUNDACION_%E2%80%9CLA_OLA%E2%80%9D\" >MEMORIAL DE INUNDACI\u00d3N &#8220;LA OLA&#8221;<\/a><\/li><li class='ez-toc-page-1 ez-toc-heading-level-3'><a class=\"ez-toc-link ez-toc-heading-11\" href=\"https:\/\/traveltheworldpages.com\/es\/que-ver-en-marken\/#FARO_PAARD_VAN_MARKEN\" >FARO PAARD VAN MARKEN<\/a><\/li><li class='ez-toc-page-1 ez-toc-heading-level-3'><a class=\"ez-toc-link ez-toc-heading-12\" href=\"https:\/\/traveltheworldpages.com\/es\/que-ver-en-marken\/#PLAYAS_DE_MARKEN\" >PLAYAS DE MARKEN<\/a><\/li><li class='ez-toc-page-1 ez-toc-heading-level-3'><a class=\"ez-toc-link ez-toc-heading-13\" href=\"https:\/\/traveltheworldpages.com\/es\/que-ver-en-marken\/#PASEO_DE_INUNDACION_1916\" >PASEO DE INUNDACI\u00d3N 1916<\/a><\/li><li class='ez-toc-page-1 ez-toc-heading-level-3'><a class=\"ez-toc-link ez-toc-heading-14\" href=\"https:\/\/traveltheworldpages.com\/es\/que-ver-en-marken\/#EXPRESO_VOLENDAM_MARKEN\" >EXPRESO VOLENDAM MARKEN<\/a><\/li><li class='ez-toc-page-1 ez-toc-heading-level-3'><a class=\"ez-toc-link ez-toc-heading-15\" href=\"https:\/\/traveltheworldpages.com\/es\/que-ver-en-marken\/#VISITA_LA_FABRICA_DE_ZUECOS_STOOM\" >VISITA LA F\u00c1BRICA DE ZUECOS STOOM<\/a><\/li><li class='ez-toc-page-1 ez-toc-heading-level-3'><a class=\"ez-toc-link ez-toc-heading-16\" href=\"https:\/\/traveltheworldpages.com\/es\/que-ver-en-marken\/#BARRIO_KETS\" >BARRIO KETS<\/a><\/li><li class='ez-toc-page-1 ez-toc-heading-level-3'><a class=\"ez-toc-link ez-toc-heading-17\" href=\"https:\/\/traveltheworldpages.com\/es\/que-ver-en-marken\/#COME_ALGO_DELICIOSO_EN_EL_TANKETEEL\" >COME ALGO DELICIOSO EN EL TANKETEEL<\/a><\/li><li class='ez-toc-page-1 ez-toc-heading-level-3'><a class=\"ez-toc-link ez-toc-heading-18\" href=\"https:\/\/traveltheworldpages.com\/es\/que-ver-en-marken\/#VISITA_EL_MEMORIAL_DE_LA_SEGUNDA_GUERRA_MUNDIAL\" >VISITA EL MEMORIAL DE LA SEGUNDA GUERRA MUNDIAL<\/a><\/li><li class='ez-toc-page-1 ez-toc-heading-level-3'><a class=\"ez-toc-link ez-toc-heading-19\" href=\"https:\/\/traveltheworldpages.com\/es\/que-ver-en-marken\/#EL_SENDERO_WERF\" >EL SENDERO WERF<\/a><\/li><\/ul><\/li><li class='ez-toc-page-1 ez-toc-heading-level-2'><a class=\"ez-toc-link ez-toc-heading-20\" href=\"https:\/\/traveltheworldpages.com\/es\/que-ver-en-marken\/#FAQs_COSAS_QUE_HACER_Y_VER_EN_MARKEN\" >FAQs COSAS QUE HACER Y VER EN MARKEN<\/a><ul class='ez-toc-list-level-3' ><li class='ez-toc-heading-level-3'><a class=\"ez-toc-link ez-toc-heading-21\" href=\"https:\/\/traveltheworldpages.com\/es\/que-ver-en-marken\/#%C2%BFVALE_LA_PENA_VISITAR_MARKEN\" >\u00bfVALE LA PENA VISITAR MARKEN?<\/a><\/li><li class='ez-toc-page-1 ez-toc-heading-level-3'><a class=\"ez-toc-link ez-toc-heading-22\" href=\"https:\/\/traveltheworldpages.com\/es\/que-ver-en-marken\/#%C2%BFSE_PUEDE_CONDUCIR_A_MARKEN_EN_LOS_PAISES_BAJOS\" >\u00bfSE PUEDE CONDUCIR A MARKEN EN LOS PA\u00cdSES BAJOS?<\/a><\/li><li class='ez-toc-page-1 ez-toc-heading-level-3'><a class=\"ez-toc-link ez-toc-heading-23\" href=\"https:\/\/traveltheworldpages.com\/es\/que-ver-en-marken\/#%C2%BFCUAL_ES_LA_HISTORIA_DE_MARKEN_LOS_PAISES_BAJOS\" >\u00bfCU\u00c1L ES LA HISTORIA DE MARKEN, LOS PA\u00cdSES BAJOS?<\/a><\/li><\/ul><\/li><\/ul><\/nav><\/div>\n\n\n\n\n<p class=\"\">Marken es una joya escondida en la campi\u00f1a cerca de Amsterdam. En el pasado era una isla en el antiguo <a href=\"https:\/\/es.wikipedia.org\/wiki\/Zuiderzee\">Zuiderzee<\/a> hasta se transform\u00f3 en una pen\u00ednsula en la d\u00e9cada de 1950 con la construcci\u00f3n de un dique que conectaba la isla con el continente. Este proyecto de recuperaci\u00f3n de tierras se llev\u00f3 a cabo para prevenir inundaciones y expandir el terreno agr\u00edcola. <a href=\"https:\/\/es.wikipedia.org\/wiki\/Marken\">Marken<\/a> es conocida hist\u00f3ricamente por su industria pesquera y su comunidad fuertemente unida. El pueblo es famoso por sus casas de madera y sus costumbres tradicionales. Su transici\u00f3n a una pen\u00ednsula facilit\u00f3 el acceso mientras se preserv\u00f3 intacto el patrimonio hist\u00f3rico y cultural.<\/p>\n\n\n\n<figure class=\"wp-block-image size-large\"><img data-recalc-dims=\"1\" loading=\"lazy\" decoding=\"async\" width=\"1024\" height=\"683\" src=\"https:\/\/i0.wp.com\/traveltheworldpages.com\/es\/wp-content\/uploads\/2024\/04\/Marken-casas-madera-antiguas.jpg?resize=1024%2C683&#038;ssl=1\" alt=\"La calle m\u00e1s antigua de Marken con sus casas de madera y flores\" class=\"wp-image-497\" srcset=\"https:\/\/i0.wp.com\/traveltheworldpages.com\/es\/wp-content\/uploads\/2024\/04\/Marken-casas-madera-antiguas.jpg?resize=1024%2C683&amp;ssl=1 1024w, https:\/\/i0.wp.com\/traveltheworldpages.com\/es\/wp-content\/uploads\/2024\/04\/Marken-casas-madera-antiguas.jpg?resize=300%2C200&amp;ssl=1 300w, https:\/\/i0.wp.com\/traveltheworldpages.com\/es\/wp-content\/uploads\/2024\/04\/Marken-casas-madera-antiguas.jpg?resize=768%2C512&amp;ssl=1 768w, https:\/\/i0.wp.com\/traveltheworldpages.com\/es\/wp-content\/uploads\/2024\/04\/Marken-casas-madera-antiguas.jpg?resize=1536%2C1024&amp;ssl=1 1536w, https:\/\/i0.wp.com\/traveltheworldpages.com\/es\/wp-content\/uploads\/2024\/04\/Marken-casas-madera-antiguas.jpg?resize=2048%2C1366&amp;ssl=1 2048w\" sizes=\"auto, (max-width: 1024px) 100vw, 1024px\" \/><\/figure>\n\n\n\n<h2 class=\"wp-block-heading\"><span class=\"ez-toc-section\" id=\"MI_EXPERIENCIA_EN_MARKEN\"><\/span>MI EXPERIENCIA EN MARKEN<span class=\"ez-toc-section-end\"><\/span><\/h2>\n\n\n\n<p class=\"\">He visitado Marken innumerables veces desde que me mud\u00e9 a los Pa\u00edses Bajos y es uno de esos lugares a los que voy cuando busco relajarme y evadirme del bullicioso centro de \u00c1msterdam. Me encanta pasear por las calles de Marken durante las estaciones fr\u00edas y sentir el viento en mi piel para concluir mi visita tomando una sopa de pescado holandesa tradicional antes de regresar a casa en autob\u00fas o coche. Y en primavera y verano, voy en bicicleta desde mi casa en el centro de \u00c1msterdam hasta Marken mientras admiro el impresionante paisaje de la campi\u00f1a holandesa. A veces, durante esas raras olas de calor tropical en los Pa\u00edses Bajos, me aventuro en el Markermeer e incluso me he ba\u00f1ado en la playa de Marken. Este pueblo es, sin duda, uno de mis lugares favoritos en los Pa\u00edses Bajos y estoy segura de que tambi\u00e9n te encantar\u00e1. As\u00ed que no pierdas la oportunidad de visitar este maravilloso lugar durante tu visita a \u00c1msterdam.<\/p>\n\n\n\n<figure class=\"wp-block-image size-large\"><img data-recalc-dims=\"1\" loading=\"lazy\" decoding=\"async\" width=\"1024\" height=\"683\" src=\"https:\/\/i0.wp.com\/traveltheworldpages.com\/es\/wp-content\/uploads\/2024\/04\/Vista-durgerdam-de-camino-a-marken.jpg?resize=1024%2C683&#038;ssl=1\" alt=\"Vista de Uitdam y el campo con vacas de camino a Marken\" class=\"wp-image-508\" srcset=\"https:\/\/i0.wp.com\/traveltheworldpages.com\/es\/wp-content\/uploads\/2024\/04\/Vista-durgerdam-de-camino-a-marken.jpg?resize=1024%2C683&amp;ssl=1 1024w, https:\/\/i0.wp.com\/traveltheworldpages.com\/es\/wp-content\/uploads\/2024\/04\/Vista-durgerdam-de-camino-a-marken.jpg?resize=300%2C200&amp;ssl=1 300w, https:\/\/i0.wp.com\/traveltheworldpages.com\/es\/wp-content\/uploads\/2024\/04\/Vista-durgerdam-de-camino-a-marken.jpg?resize=768%2C512&amp;ssl=1 768w, https:\/\/i0.wp.com\/traveltheworldpages.com\/es\/wp-content\/uploads\/2024\/04\/Vista-durgerdam-de-camino-a-marken.jpg?resize=1536%2C1024&amp;ssl=1 1536w, https:\/\/i0.wp.com\/traveltheworldpages.com\/es\/wp-content\/uploads\/2024\/04\/Vista-durgerdam-de-camino-a-marken.jpg?resize=2048%2C1366&amp;ssl=1 2048w\" sizes=\"auto, (max-width: 1024px) 100vw, 1024px\" \/><figcaption class=\"wp-element-caption\">Uitdam de camino a Marken<\/figcaption><\/figure>\n\n\n\n<h2 class=\"wp-block-heading\"><span class=\"ez-toc-section\" id=\"UBICACION_DE_MARKEN\"><\/span>UBICACI\u00d3N DE MARKEN<span class=\"ez-toc-section-end\"><\/span><\/h2>\n\n\n\n<p class=\"\">Marken se encuentra a 26 km de \u00c1msterdam. Est\u00e1 ubicado en el lago Markermeer, que una vez fue el Zuiderzee. Encuentra aqu\u00ed un pin con la ubicaci\u00f3n de Marken:<\/p>\n\n\n\n<h2 class=\"wp-block-heading\"><span class=\"ez-toc-section\" id=\"COMO_LLEGAR_A_MARKEN\"><\/span>C\u00d3MO LLEGAR A MARKEN<span class=\"ez-toc-section-end\"><\/span><\/h2>\n\n\n\n<p class=\"\">La l\u00ednea de autob\u00fas 315 sale regularmente a Marken desde la estaci\u00f3n central y tarda alrededor de 40 minutos en llegar a Marken. Sin embargo, si est\u00e1s por pocos d\u00edas\u00c1msterdam, te recomendar\u00eda que mejor tomes un tour, ya que hay algunos pueblos impresionantes en el camino a Marken, como Monnickendam y Broek in Waterland, y podr\u00edas visitar todos en un d\u00eda. Si est\u00e1s visitando <a href=\"https:\/\/traveltheworldpages.com\/es\/que-ver-en-volendam\/\">Volendam<\/a>, puedes usar el Marken Volendam Express para cruzar a Marken y regresar.<\/p>\n\n\n\n<figure class=\"wp-block-image size-large\"><img data-recalc-dims=\"1\" loading=\"lazy\" decoding=\"async\" width=\"1024\" height=\"683\" src=\"https:\/\/i0.wp.com\/traveltheworldpages.com\/es\/wp-content\/uploads\/2024\/04\/marken-casas-flores.jpg?resize=1024%2C683&#038;ssl=1\" alt=\"Tres casas de madera en Marken con sus jardines y flores\" class=\"wp-image-496\" srcset=\"https:\/\/i0.wp.com\/traveltheworldpages.com\/es\/wp-content\/uploads\/2024\/04\/marken-casas-flores.jpg?resize=1024%2C683&amp;ssl=1 1024w, https:\/\/i0.wp.com\/traveltheworldpages.com\/es\/wp-content\/uploads\/2024\/04\/marken-casas-flores.jpg?resize=300%2C200&amp;ssl=1 300w, https:\/\/i0.wp.com\/traveltheworldpages.com\/es\/wp-content\/uploads\/2024\/04\/marken-casas-flores.jpg?resize=768%2C512&amp;ssl=1 768w, https:\/\/i0.wp.com\/traveltheworldpages.com\/es\/wp-content\/uploads\/2024\/04\/marken-casas-flores.jpg?w=1378&amp;ssl=1 1378w\" sizes=\"auto, (max-width: 1024px) 100vw, 1024px\" \/><\/figure>\n\n\n\n<p class=\"\">Mi forma favorita de llegar a Marken es en bicicleta, pero esto solo se puede hacer durante los meses de primavera y verano. Vivo en Amsterdam, as\u00ed que conozco muy bien esta parte del pa\u00eds. Si t\u00fa visita es corta, te recomendar\u00eda tomar un tour para aprovechar al m\u00e1ximo tu visita. Encuentra aqu\u00ed el itinerario sobre c\u00f3mo llegar a Marken en bicicleta desde \u00c1msterdam:<\/p>\n\n\n\n<h2 class=\"wp-block-heading\"><span class=\"ez-toc-section\" id=\"14_COSAS_QUE_HACER_Y_VER_EN_MARKEN\"><\/span>14 COSAS QUE HACER Y VER EN MARKEN<span class=\"ez-toc-section-end\"><\/span><\/h2>\n\n\n\n<h3 class=\"wp-block-heading\"><span class=\"ez-toc-section\" id=\"REALIZA_UN_TOUR_A_PIE_POR_MARKEN\"><\/span>REALIZA UN TOUR A PIE POR MARKEN<span class=\"ez-toc-section-end\"><\/span><\/h3>\n\n\n\n<p class=\"\">Marken es un lugar tan hermoso que te recomendar\u00eda que te tomes un tiempo para pasear por tu cuenta y sentir el lugar. A m\u00ed misma me encanta la pr\u00e1ctica de perderme en un lugar como lo hacen los lugare\u00f1os en los destinos que visito, y como Marken no es tan grande, no correr\u00e1s ning\u00fan riesgo de perderte. Sin embargo, si est\u00e1s en un viaje corto a Marken, la mejor manera de explorar los rincones de este m\u00e1gico pueblo holand\u00e9s es haciendo un tour guiado a pie. Tu gu\u00eda se asegurar\u00e1 de que no te pierdas ning\u00fan rinc\u00f3n o detalle peque\u00f1o y ser\u00e1 una verdadera experiencia cultural.<\/p>\n\n\n\n<figure class=\"wp-block-image size-large\"><img data-recalc-dims=\"1\" loading=\"lazy\" decoding=\"async\" width=\"1024\" height=\"682\" src=\"https:\/\/i0.wp.com\/traveltheworldpages.com\/es\/wp-content\/uploads\/2024\/04\/Grote-Kerk-Marken.jpg?resize=1024%2C682&#038;ssl=1\" alt=\"La iglesia grande de marken y un canal con nenufares y un puente levadizo de madera de color blanco\" class=\"wp-image-494\" srcset=\"https:\/\/i0.wp.com\/traveltheworldpages.com\/es\/wp-content\/uploads\/2024\/04\/Grote-Kerk-Marken.jpg?resize=1024%2C682&amp;ssl=1 1024w, https:\/\/i0.wp.com\/traveltheworldpages.com\/es\/wp-content\/uploads\/2024\/04\/Grote-Kerk-Marken.jpg?resize=300%2C200&amp;ssl=1 300w, https:\/\/i0.wp.com\/traveltheworldpages.com\/es\/wp-content\/uploads\/2024\/04\/Grote-Kerk-Marken.jpg?resize=768%2C512&amp;ssl=1 768w, https:\/\/i0.wp.com\/traveltheworldpages.com\/es\/wp-content\/uploads\/2024\/04\/Grote-Kerk-Marken.jpg?resize=1536%2C1023&amp;ssl=1 1536w, https:\/\/i0.wp.com\/traveltheworldpages.com\/es\/wp-content\/uploads\/2024\/04\/Grote-Kerk-Marken.jpg?w=1654&amp;ssl=1 1654w\" sizes=\"auto, (max-width: 1024px) 100vw, 1024px\" \/><figcaption class=\"wp-element-caption\">Centro de marken<\/figcaption><\/figure>\n\n\n\n<h3 class=\"wp-block-heading\"><span class=\"ez-toc-section\" id=\"EXPERIENCIA_SIJTJE_BOES\"><\/span>EXPERIENCIA SIJTJE BOES<span class=\"ez-toc-section-end\"><\/span><\/h3>\n\n\n\n<p class=\"\">Sijtje Boes fue una legendaria vendedora de recuerdos de Marken. Era una joven emprendedora que vend\u00eda recuerdos holandeses a turistas desde su tienda de recuerdos. Tambi\u00e9n abri\u00f3 el Kijkhuisje, donde los visitantes pueden ver el interior t\u00edpico de una casa en Marken en 1940. Hoy en d\u00eda puedes reservar una <a href=\"https:\/\/sijtjeboesexperience.com\/\">experiencia Sijtje Boes<\/a> y visitar el interior t\u00edpico de una casa de Marken.<\/p>\n\n\n\n<figure class=\"wp-block-image size-large\"><img data-recalc-dims=\"1\" loading=\"lazy\" decoding=\"async\" width=\"1024\" height=\"683\" src=\"https:\/\/i0.wp.com\/traveltheworldpages.com\/es\/wp-content\/uploads\/2024\/04\/Sitjtje-Boes-Marken.jpg?resize=1024%2C683&#038;ssl=1\" alt=\"Sitjtje Boes Marken y la calle con toda la hilera de casas\" class=\"wp-image-505\" srcset=\"https:\/\/i0.wp.com\/traveltheworldpages.com\/es\/wp-content\/uploads\/2024\/04\/Sitjtje-Boes-Marken.jpg?resize=1024%2C683&amp;ssl=1 1024w, https:\/\/i0.wp.com\/traveltheworldpages.com\/es\/wp-content\/uploads\/2024\/04\/Sitjtje-Boes-Marken.jpg?resize=300%2C200&amp;ssl=1 300w, https:\/\/i0.wp.com\/traveltheworldpages.com\/es\/wp-content\/uploads\/2024\/04\/Sitjtje-Boes-Marken.jpg?resize=768%2C512&amp;ssl=1 768w, https:\/\/i0.wp.com\/traveltheworldpages.com\/es\/wp-content\/uploads\/2024\/04\/Sitjtje-Boes-Marken.jpg?resize=1536%2C1024&amp;ssl=1 1536w, https:\/\/i0.wp.com\/traveltheworldpages.com\/es\/wp-content\/uploads\/2024\/04\/Sitjtje-Boes-Marken.jpg?resize=2048%2C1366&amp;ssl=1 2048w\" sizes=\"auto, (max-width: 1024px) 100vw, 1024px\" \/><\/figure>\n\n\n\n<h3 class=\"wp-block-heading\"><span class=\"ez-toc-section\" id=\"MUSEO_DE_MARKEN\"><\/span>MUSEO DE MARKEN<span class=\"ez-toc-section-end\"><\/span><\/h3>\n\n\n\n<p class=\"\">En el \u00e1rea de Kerkbuurt, alrededor del centro hist\u00f3rico del pueblo y donde se encuentran las casas de madera m\u00e1s antiguas, el museo de Marken ocupa una serie de seis ahumaderos hist\u00f3ricos de tablones de madera. Antes de la construcci\u00f3n del <a href=\"https:\/\/es.wikipedia.org\/wiki\/Afsluitdijk\">Afsluitdijk<\/a> entre 1927 y 1932, estos edificios se utilizaban para ahumar anguilas, que constitu\u00edan una parte significativa de la econom\u00eda de Marken, as\u00ed como del vecino Monnickendam. Durante tu visita al museo, puedes sumergirte en un entorno tradicional con muebles originales y herramientas del Marken hist\u00f3rico. Hay una colecci\u00f3n de obras de arte en el interior del museo y algunas exposiciones itinerantes relacionadas con diferentes aspectos de la historia de Marken. Tambi\u00e9n puedes ver parte de la ropa tradicional que usaban hombres y mujeres cuando Marken todav\u00eda era una isla y un pueblo pesquero. El horario de apertura del <a href=\"https:\/\/www.museum.nl\/en\/marker-museum\">museo de Marken<\/a> var\u00eda seg\u00fan la temporada, as\u00ed que siempre es mejor verificar la informaci\u00f3n m\u00e1s reciente antes de aventurarse al pueblo.<\/p>\n\n\n\n<figure class=\"wp-block-image size-large\"><img data-recalc-dims=\"1\" loading=\"lazy\" decoding=\"async\" width=\"1024\" height=\"683\" src=\"https:\/\/i0.wp.com\/traveltheworldpages.com\/es\/wp-content\/uploads\/2024\/04\/museo-marken.jpg?resize=1024%2C683&#038;ssl=1\" alt=\"La entrada del museo de Marken\" class=\"wp-image-501\" srcset=\"https:\/\/i0.wp.com\/traveltheworldpages.com\/es\/wp-content\/uploads\/2024\/04\/museo-marken.jpg?resize=1024%2C683&amp;ssl=1 1024w, https:\/\/i0.wp.com\/traveltheworldpages.com\/es\/wp-content\/uploads\/2024\/04\/museo-marken.jpg?resize=300%2C200&amp;ssl=1 300w, https:\/\/i0.wp.com\/traveltheworldpages.com\/es\/wp-content\/uploads\/2024\/04\/museo-marken.jpg?resize=768%2C512&amp;ssl=1 768w, https:\/\/i0.wp.com\/traveltheworldpages.com\/es\/wp-content\/uploads\/2024\/04\/museo-marken.jpg?w=1378&amp;ssl=1 1378w\" sizes=\"auto, (max-width: 1024px) 100vw, 1024px\" \/><figcaption class=\"wp-element-caption\">Museo de Marken<\/figcaption><\/figure>\n\n\n\n<h3 class=\"wp-block-heading\"><span class=\"ez-toc-section\" id=\"GROTE_KERK\"><\/span>GROTE KERK<span class=\"ez-toc-section-end\"><\/span><\/h3>\n\n\n\n<p class=\"\">La Grote Kerk de Marken destaca en medio del pueblo con su estilo neo-renacentista. La iglesia fue construida a principios del siglo XX y, aunque bastante sencilla por fuera, su interior es impresionante. Una vez dentro de la iglesia, puedes observar artefactos de los siglos XVII y XVIII y algunas colecciones destacadas de la Segunda Guerra Mundial.<\/p>\n\n\n\n<figure class=\"wp-block-image size-large\"><img data-recalc-dims=\"1\" loading=\"lazy\" decoding=\"async\" width=\"682\" height=\"1024\" src=\"https:\/\/i0.wp.com\/traveltheworldpages.com\/es\/wp-content\/uploads\/2024\/04\/Grote-Kerk-Edam-682x1024.jpg?resize=682%2C1024&#038;ssl=1\" alt=\"Una foto de la Grote Kerk de Edam\" class=\"wp-image-476\" srcset=\"https:\/\/i0.wp.com\/traveltheworldpages.com\/es\/wp-content\/uploads\/2024\/04\/Grote-Kerk-Edam.jpg?resize=682%2C1024&amp;ssl=1 682w, https:\/\/i0.wp.com\/traveltheworldpages.com\/es\/wp-content\/uploads\/2024\/04\/Grote-Kerk-Edam.jpg?resize=200%2C300&amp;ssl=1 200w, https:\/\/i0.wp.com\/traveltheworldpages.com\/es\/wp-content\/uploads\/2024\/04\/Grote-Kerk-Edam.jpg?resize=768%2C1153&amp;ssl=1 768w, https:\/\/i0.wp.com\/traveltheworldpages.com\/es\/wp-content\/uploads\/2024\/04\/Grote-Kerk-Edam.jpg?resize=1023%2C1536&amp;ssl=1 1023w, https:\/\/i0.wp.com\/traveltheworldpages.com\/es\/wp-content\/uploads\/2024\/04\/Grote-Kerk-Edam.jpg?resize=600%2C901&amp;ssl=1 600w, https:\/\/i0.wp.com\/traveltheworldpages.com\/es\/wp-content\/uploads\/2024\/04\/Grote-Kerk-Edam.jpg?resize=800%2C1201&amp;ssl=1 800w, https:\/\/i0.wp.com\/traveltheworldpages.com\/es\/wp-content\/uploads\/2024\/04\/Grote-Kerk-Edam.jpg?w=1102&amp;ssl=1 1102w\" sizes=\"auto, (max-width: 682px) 100vw, 682px\" \/><figcaption class=\"wp-element-caption\">Grote Kerk<\/figcaption><\/figure>\n\n\n\n<h3 class=\"wp-block-heading\"><span class=\"ez-toc-section\" id=\"MEMORIAL_DE_INUNDACION_%E2%80%9CLA_OLA%E2%80%9D\"><\/span>MEMORIAL DE INUNDACI\u00d3N &#8220;LA OLA&#8221;<span class=\"ez-toc-section-end\"><\/span><\/h3>\n\n\n\n<p class=\"\">El Memorial de Inundaci\u00f3n &#8220;La Ola&#8221; en Marken, ubicado en una de sus peque\u00f1as playas en el \u00e1rea del puerto, es una escultura en forma de ola congelada en el tiempo. El memorial es un tributo a la resistencia de la isla ante la adversidad, antes de la represa del Zuiderzee, cuando las inundaciones eran muy comunes y ten\u00edan efectos devastadores. El monumento, ubicado cerca del agua, es un recordatorio constante que honra las vidas perdidas y conmemora el esp\u00edritu de perseverancia contra la implacable fuerza del mar.<\/p>\n\n\n\n<figure class=\"wp-block-image size-large\"><img data-recalc-dims=\"1\" loading=\"lazy\" decoding=\"async\" width=\"1024\" height=\"683\" src=\"https:\/\/i0.wp.com\/traveltheworldpages.com\/es\/wp-content\/uploads\/2024\/04\/Memorial-la-ola.jpg?resize=1024%2C683&#038;ssl=1\" alt=\"Monumentp en forma de ola en Marken y el lago Markermeer de fondo\" class=\"wp-image-500\" srcset=\"https:\/\/i0.wp.com\/traveltheworldpages.com\/es\/wp-content\/uploads\/2024\/04\/Memorial-la-ola.jpg?resize=1024%2C683&amp;ssl=1 1024w, https:\/\/i0.wp.com\/traveltheworldpages.com\/es\/wp-content\/uploads\/2024\/04\/Memorial-la-ola.jpg?resize=300%2C200&amp;ssl=1 300w, https:\/\/i0.wp.com\/traveltheworldpages.com\/es\/wp-content\/uploads\/2024\/04\/Memorial-la-ola.jpg?resize=768%2C512&amp;ssl=1 768w, https:\/\/i0.wp.com\/traveltheworldpages.com\/es\/wp-content\/uploads\/2024\/04\/Memorial-la-ola.jpg?resize=1536%2C1024&amp;ssl=1 1536w, https:\/\/i0.wp.com\/traveltheworldpages.com\/es\/wp-content\/uploads\/2024\/04\/Memorial-la-ola.jpg?w=1791&amp;ssl=1 1791w\" sizes=\"auto, (max-width: 1024px) 100vw, 1024px\" \/><figcaption class=\"wp-element-caption\">Memorial la ola<\/figcaption><\/figure>\n\n\n\n<h3 class=\"wp-block-heading\"><span class=\"ez-toc-section\" id=\"FARO_PAARD_VAN_MARKEN\"><\/span>FARO PAARD VAN MARKEN<span class=\"ez-toc-section-end\"><\/span><\/h3>\n\n\n\n<p class=\"\">El hist\u00f3rico faro Paard van Marken (Caballo de Marken) es una visita obligada durante tu viaje a esta pen\u00ednsula. Est\u00e1 situado fuera del centro y se puede llegar a trav\u00e9s de un hermoso camino cubierto de c\u00e9sped. El Paard van Marken fue construido en 1839 y todav\u00eda sirve como baliza en la actualidad. El faro no es accesible, pero hay algunas playas ubicadas a ambos lados del camino que conducen al faro donde la gente disfruta de ba\u00f1os en el lago Markemeer durante los d\u00edas c\u00e1lidos. El faro fue equipado con una luz de niebla en 1919 y no fue el primer faro en estar ubicado en este lugar, siendo el primero que data de 1700. Visitar el Paard van Marken se convierte en una experiencia inolvidable durante los duros meses de invierno cuando el faro se yergue solitario entre el hielo flotante, a\u00f1adiendo un encanto fascinante al paisaje.<\/p>\n\n\n\n<figure class=\"wp-block-image size-large\"><img data-recalc-dims=\"1\" loading=\"lazy\" decoding=\"async\" width=\"1024\" height=\"683\" src=\"https:\/\/i0.wp.com\/traveltheworldpages.com\/es\/wp-content\/uploads\/2024\/04\/Faro-de-marken.jpg?resize=1024%2C683&#038;ssl=1\" alt=\"Faro y playa de Marken y Pilar con un vestido de colores\" class=\"wp-image-493\" srcset=\"https:\/\/i0.wp.com\/traveltheworldpages.com\/es\/wp-content\/uploads\/2024\/04\/Faro-de-marken.jpg?resize=1024%2C683&amp;ssl=1 1024w, https:\/\/i0.wp.com\/traveltheworldpages.com\/es\/wp-content\/uploads\/2024\/04\/Faro-de-marken.jpg?resize=300%2C200&amp;ssl=1 300w, https:\/\/i0.wp.com\/traveltheworldpages.com\/es\/wp-content\/uploads\/2024\/04\/Faro-de-marken.jpg?resize=768%2C512&amp;ssl=1 768w, https:\/\/i0.wp.com\/traveltheworldpages.com\/es\/wp-content\/uploads\/2024\/04\/Faro-de-marken.jpg?w=1378&amp;ssl=1 1378w\" sizes=\"auto, (max-width: 1024px) 100vw, 1024px\" \/><figcaption class=\"wp-element-caption\">Faro de Marken<\/figcaption><\/figure>\n\n\n\n<h3 class=\"wp-block-heading\"><span class=\"ez-toc-section\" id=\"PLAYAS_DE_MARKEN\"><\/span>PLAYAS DE MARKEN<span class=\"ez-toc-section-end\"><\/span><\/h3>\n\n\n\n<p class=\"\">Marken tiene algunas de las mejores playas cerca de \u00c1msterdam. Las playas son peque\u00f1as en comparaci\u00f3n con las famosas Bloemendaal y Zandvoort, pero est\u00e1n casi vac\u00edas y puedes tener casi una playa para ti durante los d\u00edas calurosos cuando las playas m\u00e1s grandes y famosas de la zona est\u00e1n abarrotadas. Hay un par de playas cerca del centro del pueblo y otro par de ellas cerca del faro. No olvides llevar tu bikini si est\u00e1s visitando Marken durante los meses de primavera y verano.<\/p>\n\n\n\n<figure class=\"wp-block-image size-large\"><img data-recalc-dims=\"1\" loading=\"lazy\" decoding=\"async\" width=\"1024\" height=\"683\" src=\"https:\/\/i0.wp.com\/traveltheworldpages.com\/es\/wp-content\/uploads\/2024\/04\/Playa-de-marken.jpg?resize=1024%2C683&#038;ssl=1\" alt=\"Paya de Marken con los reflejos del Sol y el campo\" class=\"wp-image-502\" srcset=\"https:\/\/i0.wp.com\/traveltheworldpages.com\/es\/wp-content\/uploads\/2024\/04\/Playa-de-marken.jpg?resize=1024%2C683&amp;ssl=1 1024w, https:\/\/i0.wp.com\/traveltheworldpages.com\/es\/wp-content\/uploads\/2024\/04\/Playa-de-marken.jpg?resize=300%2C200&amp;ssl=1 300w, https:\/\/i0.wp.com\/traveltheworldpages.com\/es\/wp-content\/uploads\/2024\/04\/Playa-de-marken.jpg?resize=768%2C512&amp;ssl=1 768w, https:\/\/i0.wp.com\/traveltheworldpages.com\/es\/wp-content\/uploads\/2024\/04\/Playa-de-marken.jpg?w=1378&amp;ssl=1 1378w\" sizes=\"auto, (max-width: 1024px) 100vw, 1024px\" \/><figcaption class=\"wp-element-caption\">Playas de Marken<\/figcaption><\/figure>\n\n\n\n<h3 class=\"wp-block-heading\"><span class=\"ez-toc-section\" id=\"PASEO_DE_INUNDACION_1916\"><\/span>PASEO DE INUNDACI\u00d3N 1916<span class=\"ez-toc-section-end\"><\/span><\/h3>\n\n\n\n<p class=\"\">El paseo de inundaci\u00f3n 1916 es un sendero circular que comienza en el museo de Marken y que te llevar\u00e1 a lo largo de la Marken hist\u00f3rica y los eventos devastadores que ocurrieron en la noche del 13 al 14 de enero de 1916. Estos senderos revelar\u00e1n rincones escondidos de la antigua isla que fueron testigos de la calamidad de la inundaci\u00f3n y eventos tr\u00e1gicos. Hay varias <a href=\"http:\/\/schoutenenterprises.com\/MarkerNieuws\/2016\/9410.htm\">placas de informaci\u00f3n<\/a> a lo largo del sendero que cuentan las historias de destrucci\u00f3n y ofrecen informaci\u00f3n sobre los eventos reales. Entre las vistas m\u00e1s destacadas a lo largo de esta ruta se encuentra la fila de rompehielos cerca de Rozewerf, ubicada a lo largo de la costa sur de la isla, sirviendo como un testimonio de la resistencia de la isla ante la adversidad.<\/p>\n\n\n\n<figure class=\"wp-block-image size-large\"><img data-recalc-dims=\"1\" loading=\"lazy\" decoding=\"async\" width=\"1024\" height=\"683\" src=\"https:\/\/i0.wp.com\/traveltheworldpages.com\/es\/wp-content\/uploads\/2024\/04\/Marken-vista.jpg?resize=1024%2C683&#038;ssl=1\" alt=\"Vista de algunas casas en Marken\" class=\"wp-image-499\" srcset=\"https:\/\/i0.wp.com\/traveltheworldpages.com\/es\/wp-content\/uploads\/2024\/04\/Marken-vista.jpg?resize=1024%2C683&amp;ssl=1 1024w, https:\/\/i0.wp.com\/traveltheworldpages.com\/es\/wp-content\/uploads\/2024\/04\/Marken-vista.jpg?resize=300%2C200&amp;ssl=1 300w, https:\/\/i0.wp.com\/traveltheworldpages.com\/es\/wp-content\/uploads\/2024\/04\/Marken-vista.jpg?resize=768%2C512&amp;ssl=1 768w, https:\/\/i0.wp.com\/traveltheworldpages.com\/es\/wp-content\/uploads\/2024\/04\/Marken-vista.jpg?w=1378&amp;ssl=1 1378w\" sizes=\"auto, (max-width: 1024px) 100vw, 1024px\" \/><\/figure>\n\n\n\n<h3 class=\"wp-block-heading\"><span class=\"ez-toc-section\" id=\"EXPRESO_VOLENDAM_MARKEN\"><\/span>EXPRESO VOLENDAM MARKEN<span class=\"ez-toc-section-end\"><\/span><\/h3>\n\n\n\n<p class=\"\">Marken es accesible desde tierra firme a trav\u00e9s del dique que se construy\u00f3 en 1957 y venir a Marken a trav\u00e9s del dique es un viaje esc\u00e9nico al paisaje holand\u00e9s. Sin embargo, tambi\u00e9n puedes venir a Marken cruzando el Markermeer desde Volendam. Es un viaje encantador de 30 minutos y est\u00e1 disponible durante todo el a\u00f1o con el servicio <a href=\"https:\/\/www.markenexpress.nl\/\">Marken Express<\/a>. Puedes tomar bebidas y aperitivos en el muelle y disfrutar de la cubierta descubierta durante los meses c\u00e1lidos.<\/p>\n\n\n\n<h3 class=\"wp-block-heading\"><span class=\"ez-toc-section\" id=\"VISITA_LA_FABRICA_DE_ZUECOS_STOOM\"><\/span>VISITA LA F\u00c1BRICA DE ZUECOS STOOM<span class=\"ez-toc-section-end\"><\/span><\/h3>\n\n\n\n<p class=\"\">Como en muchos otros pueblos cerca de \u00c1msterdam, tambi\u00e9n puedes tener una experiencia aut\u00e9ntica de fabricaci\u00f3n de zuecos en Marken, en la &#8220;F\u00e1brica de zuecos Stoom&#8221; ubicada en la entrada del pueblo. Puedes presenciar la transformaci\u00f3n de un tronco de madera en un zueco de la manera tradicional holandesa en pocos minutos. La f\u00e1brica est\u00e1 impulsada por una m\u00e1quina de vapor que data de 1913 y una visita a esta f\u00e1brica es una experiencia verdaderamente inmersiva cultural. Hay gu\u00edas multiling\u00fces en la f\u00e1brica que te explicar\u00e1n el proceso con un toque de humor. Los visitantes tienen la oportunidad de probarse un par para determinar su talla y experimentar la curiosa t\u00e9cnica &nbsp;de rizar ligeramente los dedos de los pies para mantener los zuecos ajustados.<\/p>\n\n\n\n<figure class=\"wp-block-image size-large\"><img data-recalc-dims=\"1\" loading=\"lazy\" decoding=\"async\" width=\"1024\" height=\"683\" src=\"https:\/\/i0.wp.com\/traveltheworldpages.com\/es\/wp-content\/uploads\/2024\/04\/Stoom-fabrica-zuiecos-marken.jpg?resize=1024%2C683&#038;ssl=1\" alt=\"F\u00e1frica de Zuecos Stoom\" class=\"wp-image-507\" srcset=\"https:\/\/i0.wp.com\/traveltheworldpages.com\/es\/wp-content\/uploads\/2024\/04\/Stoom-fabrica-zuiecos-marken.jpg?resize=1024%2C683&amp;ssl=1 1024w, https:\/\/i0.wp.com\/traveltheworldpages.com\/es\/wp-content\/uploads\/2024\/04\/Stoom-fabrica-zuiecos-marken.jpg?resize=300%2C200&amp;ssl=1 300w, https:\/\/i0.wp.com\/traveltheworldpages.com\/es\/wp-content\/uploads\/2024\/04\/Stoom-fabrica-zuiecos-marken.jpg?resize=768%2C512&amp;ssl=1 768w, https:\/\/i0.wp.com\/traveltheworldpages.com\/es\/wp-content\/uploads\/2024\/04\/Stoom-fabrica-zuiecos-marken.jpg?w=1378&amp;ssl=1 1378w\" sizes=\"auto, (max-width: 1024px) 100vw, 1024px\" \/><figcaption class=\"wp-element-caption\">F\u00e1brica de zuecos Stoom<\/figcaption><\/figure>\n\n\n\n<h3 class=\"wp-block-heading\"><span class=\"ez-toc-section\" id=\"BARRIO_KETS\"><\/span>BARRIO KETS<span class=\"ez-toc-section-end\"><\/span><\/h3>\n\n\n\n<p class=\"\">El barrio Kets pero es un \u00e1rea hist\u00f3rica en el pueblo donde puedes pasear y disfrutar de las casas de madera tradicionales y el rico patrimonio cultural del pueblo. Kets es una de las partes m\u00e1s antiguas del pueblo con calles estrechas y bien conservada arquitectura, mostrando la historia mar\u00edtima de la isla. Aunque m\u00e1s peque\u00f1o que otras \u00e1reas en Marken, Kets ofrece una experiencia m\u00e1s tranquila e \u00edntima, permitiendo a los visitantes apreciar la autenticidad del pueblo y su encanto hist\u00f3rico. Es una parte encantadora de Marken para pasear, disfrutar del ambiente pintoresco y sumergirse en la cultura mar\u00edtima de la isla.<\/p>\n\n\n\n<figure class=\"wp-block-image size-large\"><img data-recalc-dims=\"1\" loading=\"lazy\" decoding=\"async\" width=\"1024\" height=\"683\" src=\"https:\/\/i0.wp.com\/traveltheworldpages.com\/es\/wp-content\/uploads\/2024\/04\/Kets-barrio-marken.jpg?resize=1024%2C683&#038;ssl=1\" alt=\"Barrio de Kets en el pueblo de Marken y un cartel indicador\" class=\"wp-image-495\" srcset=\"https:\/\/i0.wp.com\/traveltheworldpages.com\/es\/wp-content\/uploads\/2024\/04\/Kets-barrio-marken.jpg?resize=1024%2C683&amp;ssl=1 1024w, https:\/\/i0.wp.com\/traveltheworldpages.com\/es\/wp-content\/uploads\/2024\/04\/Kets-barrio-marken.jpg?resize=300%2C200&amp;ssl=1 300w, https:\/\/i0.wp.com\/traveltheworldpages.com\/es\/wp-content\/uploads\/2024\/04\/Kets-barrio-marken.jpg?resize=768%2C512&amp;ssl=1 768w, https:\/\/i0.wp.com\/traveltheworldpages.com\/es\/wp-content\/uploads\/2024\/04\/Kets-barrio-marken.jpg?w=1378&amp;ssl=1 1378w\" sizes=\"auto, (max-width: 1024px) 100vw, 1024px\" \/><\/figure>\n\n\n\n<h3 class=\"wp-block-heading\"><span class=\"ez-toc-section\" id=\"COME_ALGO_DELICIOSO_EN_EL_TANKETEEL\"><\/span>COME ALGO DELICIOSO EN EL TANKETEEL<span class=\"ez-toc-section-end\"><\/span><\/h3>\n\n\n\n<p class=\"\">Hay algunos restaurantes muy buenos en el \u00e1rea del puerto de Marken, pero el <a href=\"https:\/\/www.detaanketel.nl\/\">Tanketeel<\/a> es mi favorito sin lugar a dudas. Sirven una sopa de pescado holandesa tradicional que he disfrutado muchas veces mientras visitaba el pueblo.<\/p>\n\n\n\n<figure class=\"wp-block-image size-large\"><img data-recalc-dims=\"1\" loading=\"lazy\" decoding=\"async\" width=\"1024\" height=\"683\" src=\"https:\/\/i0.wp.com\/traveltheworldpages.com\/es\/wp-content\/uploads\/2024\/04\/Sopa-pescado-tanketeel.jpg?resize=1024%2C683&#038;ssl=1\" alt=\"Sopa de pescado con pan integral y mayonesa en un mantel de papel del Taanketel\" class=\"wp-image-506\" srcset=\"https:\/\/i0.wp.com\/traveltheworldpages.com\/es\/wp-content\/uploads\/2024\/04\/Sopa-pescado-tanketeel.jpg?resize=1024%2C683&amp;ssl=1 1024w, https:\/\/i0.wp.com\/traveltheworldpages.com\/es\/wp-content\/uploads\/2024\/04\/Sopa-pescado-tanketeel.jpg?resize=300%2C200&amp;ssl=1 300w, https:\/\/i0.wp.com\/traveltheworldpages.com\/es\/wp-content\/uploads\/2024\/04\/Sopa-pescado-tanketeel.jpg?resize=768%2C512&amp;ssl=1 768w, https:\/\/i0.wp.com\/traveltheworldpages.com\/es\/wp-content\/uploads\/2024\/04\/Sopa-pescado-tanketeel.jpg?resize=1536%2C1024&amp;ssl=1 1536w, https:\/\/i0.wp.com\/traveltheworldpages.com\/es\/wp-content\/uploads\/2024\/04\/Sopa-pescado-tanketeel.jpg?resize=2048%2C1366&amp;ssl=1 2048w\" sizes=\"auto, (max-width: 1024px) 100vw, 1024px\" \/><\/figure>\n\n\n\n<h3 class=\"wp-block-heading\"><span class=\"ez-toc-section\" id=\"VISITA_EL_MEMORIAL_DE_LA_SEGUNDA_GUERRA_MUNDIAL\"><\/span>VISITA EL MEMORIAL DE LA SEGUNDA GUERRA MUNDIAL<span class=\"ez-toc-section-end\"><\/span><\/h3>\n\n\n\n<p class=\"\">El memorial de la Segunda Guerra Mundial de Marken es un homenaje a los residentes de la isla que perecieron durante el conflicto. El monumento es un lugar para asegurar que la memoria de las vidas perdidas perdure. Hay varias inscripciones y simbolismos donde puedes echar un vistazo a la historia de la isla mientras preservas las historias de las almas perdidas de Marken.<\/p>\n\n\n\n<h3 class=\"wp-block-heading\"><span class=\"ez-toc-section\" id=\"EL_SENDERO_WERF\"><\/span>EL SENDERO WERF<span class=\"ez-toc-section-end\"><\/span><\/h3>\n\n\n\n<p class=\"\">Marken se vincula a la Red de Senderismo de Holanda del Norte, un sistema de senderos con nodos interconectados que permiten rutas personalizadas o senderos recomendados. Con una estrategia, uno puede crear una caminata \u00fanica o seguir sugerencias de otros excursionistas o grupos tur\u00edsticos. Un ejemplo es el sendero Werf, que abarca siete kil\u00f3metros en una ruta circular, comenzando en el nodo nueve y pasando por 35, 36, 34, 33 y 37. Este sendero desvela una faceta distintiva del paisaje de Marken. El sendero ofrece informaci\u00f3n sobre el m\u00e9todo espec\u00edfico de construcci\u00f3n de caser\u00edos individuales en mont\u00edculos elevados llamados &#8220;werfs&#8221;. Estos mont\u00edculos, elaborados a partir de esti\u00e9rcol, turba o incluso residuos dom\u00e9sticos compactados, eran cruciales para protegerse contra la constante amenaza de inundaciones del Zuiderzee. Durante la caminata, los exploradores encuentran mont\u00edculos bien conservados como Moeniswerf, Rozenwerf, Grote werf y Witte werf, proporcionando una perspectiva integral del paisaje hist\u00f3rico de Marken.<\/p>\n\n\n\n<figure class=\"wp-block-image size-large\"><img data-recalc-dims=\"1\" loading=\"lazy\" decoding=\"async\" width=\"1024\" height=\"683\" src=\"https:\/\/i0.wp.com\/traveltheworldpages.com\/es\/wp-content\/uploads\/2024\/04\/Ruta-rural-marken.jpg?resize=1024%2C683&#038;ssl=1\" alt=\"Prado con ovejas y un canal diminuto en Marken\" class=\"wp-image-504\" srcset=\"https:\/\/i0.wp.com\/traveltheworldpages.com\/es\/wp-content\/uploads\/2024\/04\/Ruta-rural-marken.jpg?resize=1024%2C683&amp;ssl=1 1024w, https:\/\/i0.wp.com\/traveltheworldpages.com\/es\/wp-content\/uploads\/2024\/04\/Ruta-rural-marken.jpg?resize=300%2C200&amp;ssl=1 300w, https:\/\/i0.wp.com\/traveltheworldpages.com\/es\/wp-content\/uploads\/2024\/04\/Ruta-rural-marken.jpg?resize=768%2C512&amp;ssl=1 768w, https:\/\/i0.wp.com\/traveltheworldpages.com\/es\/wp-content\/uploads\/2024\/04\/Ruta-rural-marken.jpg?w=1378&amp;ssl=1 1378w\" sizes=\"auto, (max-width: 1024px) 100vw, 1024px\" \/><\/figure>\n\n\n\n<h2 class=\"wp-block-heading\"><span class=\"ez-toc-section\" id=\"FAQs_COSAS_QUE_HACER_Y_VER_EN_MARKEN\"><\/span>FAQs COSAS QUE HACER Y VER EN MARKEN<span class=\"ez-toc-section-end\"><\/span><\/h2>\n\n\n\n<h3 class=\"wp-block-heading\"><span class=\"ez-toc-section\" id=\"%C2%BFVALE_LA_PENA_VISITAR_MARKEN\"><\/span>\u00bfVALE LA PENA VISITAR MARKEN?<span class=\"ez-toc-section-end\"><\/span><\/h3>\n\n\n\n<p class=\"\">S\u00ed, Marken realmente merece una visita. La belleza del pueblo es impresionante y ser\u00e1 una verdadera experiencia cultural holandesa. No olvides agregar Marken a tu itinerario cuando visites \u00c1msterdam y el campo holand\u00e9s.<\/p>\n\n\n\n<h3 class=\"wp-block-heading\"><span class=\"ez-toc-section\" id=\"%C2%BFSE_PUEDE_CONDUCIR_A_MARKEN_EN_LOS_PAISES_BAJOS\"><\/span>\u00bfSE PUEDE CONDUCIR A MARKEN EN LOS PA\u00cdSES BAJOS?<span class=\"ez-toc-section-end\"><\/span><\/h3>\n\n\n\n<p class=\"\">S\u00ed, puedes manejar a Marken a trav\u00e9s de la N247 ya que hay un dique que conecta la isla con el continente. El camino a Marken ofrece una variedad de paisajes pintorescos y tambi\u00e9n se puede hacer en bicicleta.<\/p>\n\n\n\n<h3 class=\"wp-block-heading\"><span class=\"ez-toc-section\" id=\"%C2%BFCUAL_ES_LA_HISTORIA_DE_MARKEN_LOS_PAISES_BAJOS\"><\/span>\u00bfCU\u00c1L ES LA HISTORIA DE MARKEN, LOS PA\u00cdSES BAJOS?<span class=\"ez-toc-section-end\"><\/span><\/h3>\n\n\n\n<p class=\"\">Marken, un pueblo insular holand\u00e9s, cuenta con un rico pasado mar\u00edtimo. Anteriormente una comunidad pesquera aislada, luch\u00f3 contra los elementos del Zuiderzee. Conectado al continente en 1957, preserva su patrimonio a trav\u00e9s de casas y cultura tradicionales, sobreviviendo a inundaciones y abrazando su historia en medio de la modernizaci\u00f3n.<\/p>\n","protected":false},"excerpt":{"rendered":"<p>Marken is un pueblo cerca de Amsterdam que est\u00e1 conectada a tierra firme por un dique. El pueblo fue en pasado una isla y ahora se le considera una pen\u00ednsula y es uno de mis pueblos favoritos en la zona. Me encanta ir en bicicleta en los d\u00edas de Verano y recorrer sus preciosas calles&#8230;<\/p>\n","protected":false},"author":1,"featured_media":493,"comment_status":"open","ping_status":"open","sticky":false,"template":"","format":"standard","meta":{"nf_dc_page":"","om_disable_all_campaigns":false,"_kad_post_transparent":"","_kad_post_title":"","_kad_post_layout":"","_kad_post_sidebar_id":"","_kad_post_content_style":"","_kad_post_vertical_padding":"","_kad_post_feature":"","_kad_post_feature_position":"","_kad_post_header":false,"_kad_post_footer":false,"_kad_post_classname":"","_jetpack_memberships_contains_paid_content":false,"footnotes":""},"categories":[14],"tags":[],"class_list":["post-491","post","type-post","status-publish","format-standard","has-post-thumbnail","hentry","category-paises-bajos"],"yoast_head":"<!-- This site is optimized with the Yoast SEO plugin v27.4 - https:\/\/yoast.com\/product\/yoast-seo-wordpress\/ -->\n<title>14 MEJORES COSAS QUE HACER Y VER EN MARKEN - TravelTheWorldPages<\/title>\n<meta name=\"robots\" content=\"index, follow, max-snippet:-1, max-image-preview:large, max-video-preview:-1\" \/>\n<link rel=\"canonical\" href=\"https:\/\/traveltheworldpages.com\/es\/que-ver-en-marken\/\" \/>\n<meta property=\"og:locale\" content=\"en_US\" \/>\n<meta property=\"og:type\" content=\"article\" \/>\n<meta property=\"og:title\" content=\"14 MEJORES COSAS QUE HACER Y VER EN MARKEN - TravelTheWorldPages\" \/>\n<meta property=\"og:description\" content=\"Marken is un pueblo cerca de Amsterdam que est\u00e1 conectada a tierra firme por un dique. El pueblo fue en pasado una isla y ahora se le considera una pen\u00ednsula y es uno de mis pueblos favoritos en la zona. Me encanta ir en bicicleta en los d\u00edas de Verano y recorrer sus preciosas calles...\" \/>\n<meta property=\"og:url\" content=\"https:\/\/traveltheworldpages.com\/es\/que-ver-en-marken\/\" \/>\n<meta property=\"og:site_name\" content=\"TravelTheWorldPages\" \/>\n<meta property=\"article:published_time\" content=\"2024-04-09T17:35:03+00:00\" \/>\n<meta property=\"article:modified_time\" content=\"2024-04-09T17:59:06+00:00\" \/>\n<meta property=\"og:image\" content=\"https:\/\/traveltheworldpages.com\/es\/wp-content\/uploads\/2024\/04\/Faro-de-marken.jpg\" \/>\n\t<meta property=\"og:image:width\" content=\"1378\" \/>\n\t<meta property=\"og:image:height\" content=\"919\" \/>\n\t<meta property=\"og:image:type\" content=\"image\/jpeg\" \/>\n<meta name=\"author\" content=\"Pilar\" \/>\n<meta name=\"twitter:card\" content=\"summary_large_image\" \/>\n<meta name=\"twitter:label1\" content=\"Written by\" \/>\n\t<meta name=\"twitter:data1\" content=\"Pilar\" \/>\n\t<meta name=\"twitter:label2\" content=\"Est. reading time\" \/>\n\t<meta name=\"twitter:data2\" content=\"14 minutes\" \/>\n<script type=\"application\/ld+json\" class=\"yoast-schema-graph\">{\"@context\":\"https:\\\/\\\/schema.org\",\"@graph\":[{\"@type\":\"Article\",\"@id\":\"https:\\\/\\\/traveltheworldpages.com\\\/es\\\/que-ver-en-marken\\\/#article\",\"isPartOf\":{\"@id\":\"https:\\\/\\\/traveltheworldpages.com\\\/es\\\/que-ver-en-marken\\\/\"},\"author\":{\"name\":\"Pilar\",\"@id\":\"https:\\\/\\\/traveltheworldpages.com\\\/es\\\/#\\\/schema\\\/person\\\/2f4544cb5a5eb6e890418f2fdfaad3aa\"},\"headline\":\"14 MEJORES COSAS QUE HACER Y VER EN MARKEN\",\"datePublished\":\"2024-04-09T17:35:03+00:00\",\"dateModified\":\"2024-04-09T17:59:06+00:00\",\"mainEntityOfPage\":{\"@id\":\"https:\\\/\\\/traveltheworldpages.com\\\/es\\\/que-ver-en-marken\\\/\"},\"wordCount\":2415,\"commentCount\":0,\"image\":{\"@id\":\"https:\\\/\\\/traveltheworldpages.com\\\/es\\\/que-ver-en-marken\\\/#primaryimage\"},\"thumbnailUrl\":\"https:\\\/\\\/i0.wp.com\\\/traveltheworldpages.com\\\/es\\\/wp-content\\\/uploads\\\/2024\\\/04\\\/Faro-de-marken.jpg?fit=1378%2C919&ssl=1\",\"articleSection\":[\"Pa\u00edses Bajos\"],\"inLanguage\":\"en-US\",\"potentialAction\":[{\"@type\":\"CommentAction\",\"name\":\"Comment\",\"target\":[\"https:\\\/\\\/traveltheworldpages.com\\\/es\\\/que-ver-en-marken\\\/#respond\"]}]},{\"@type\":\"WebPage\",\"@id\":\"https:\\\/\\\/traveltheworldpages.com\\\/es\\\/que-ver-en-marken\\\/\",\"url\":\"https:\\\/\\\/traveltheworldpages.com\\\/es\\\/que-ver-en-marken\\\/\",\"name\":\"14 MEJORES COSAS QUE HACER Y VER EN MARKEN - TravelTheWorldPages\",\"isPartOf\":{\"@id\":\"https:\\\/\\\/traveltheworldpages.com\\\/es\\\/#website\"},\"primaryImageOfPage\":{\"@id\":\"https:\\\/\\\/traveltheworldpages.com\\\/es\\\/que-ver-en-marken\\\/#primaryimage\"},\"image\":{\"@id\":\"https:\\\/\\\/traveltheworldpages.com\\\/es\\\/que-ver-en-marken\\\/#primaryimage\"},\"thumbnailUrl\":\"https:\\\/\\\/i0.wp.com\\\/traveltheworldpages.com\\\/es\\\/wp-content\\\/uploads\\\/2024\\\/04\\\/Faro-de-marken.jpg?fit=1378%2C919&ssl=1\",\"datePublished\":\"2024-04-09T17:35:03+00:00\",\"dateModified\":\"2024-04-09T17:59:06+00:00\",\"author\":{\"@id\":\"https:\\\/\\\/traveltheworldpages.com\\\/es\\\/#\\\/schema\\\/person\\\/2f4544cb5a5eb6e890418f2fdfaad3aa\"},\"breadcrumb\":{\"@id\":\"https:\\\/\\\/traveltheworldpages.com\\\/es\\\/que-ver-en-marken\\\/#breadcrumb\"},\"inLanguage\":\"en-US\",\"potentialAction\":[{\"@type\":\"ReadAction\",\"target\":[\"https:\\\/\\\/traveltheworldpages.com\\\/es\\\/que-ver-en-marken\\\/\"]}]},{\"@type\":\"ImageObject\",\"inLanguage\":\"en-US\",\"@id\":\"https:\\\/\\\/traveltheworldpages.com\\\/es\\\/que-ver-en-marken\\\/#primaryimage\",\"url\":\"https:\\\/\\\/i0.wp.com\\\/traveltheworldpages.com\\\/es\\\/wp-content\\\/uploads\\\/2024\\\/04\\\/Faro-de-marken.jpg?fit=1378%2C919&ssl=1\",\"contentUrl\":\"https:\\\/\\\/i0.wp.com\\\/traveltheworldpages.com\\\/es\\\/wp-content\\\/uploads\\\/2024\\\/04\\\/Faro-de-marken.jpg?fit=1378%2C919&ssl=1\",\"width\":1378,\"height\":919,\"caption\":\"Faro de Marken\"},{\"@type\":\"BreadcrumbList\",\"@id\":\"https:\\\/\\\/traveltheworldpages.com\\\/es\\\/que-ver-en-marken\\\/#breadcrumb\",\"itemListElement\":[{\"@type\":\"ListItem\",\"position\":1,\"name\":\"Home\",\"item\":\"https:\\\/\\\/traveltheworldpages.com\\\/es\\\/\"},{\"@type\":\"ListItem\",\"position\":2,\"name\":\"14 MEJORES COSAS QUE HACER Y VER EN MARKEN\"}]},{\"@type\":\"WebSite\",\"@id\":\"https:\\\/\\\/traveltheworldpages.com\\\/es\\\/#website\",\"url\":\"https:\\\/\\\/traveltheworldpages.com\\\/es\\\/\",\"name\":\"TravelTheWorldPages\",\"description\":\"Viajes culturales y desarollo personal\",\"potentialAction\":[{\"@type\":\"SearchAction\",\"target\":{\"@type\":\"EntryPoint\",\"urlTemplate\":\"https:\\\/\\\/traveltheworldpages.com\\\/es\\\/?s={search_term_string}\"},\"query-input\":{\"@type\":\"PropertyValueSpecification\",\"valueRequired\":true,\"valueName\":\"search_term_string\"}}],\"inLanguage\":\"en-US\"},{\"@type\":\"Person\",\"@id\":\"https:\\\/\\\/traveltheworldpages.com\\\/es\\\/#\\\/schema\\\/person\\\/2f4544cb5a5eb6e890418f2fdfaad3aa\",\"name\":\"Pilar\",\"image\":{\"@type\":\"ImageObject\",\"inLanguage\":\"en-US\",\"@id\":\"https:\\\/\\\/secure.gravatar.com\\\/avatar\\\/f7db1afd76c18ebe98b08fbbda363a50012fe4f8044999b86fd44136bd3d44e2?s=96&d=mm&r=g\",\"url\":\"https:\\\/\\\/secure.gravatar.com\\\/avatar\\\/f7db1afd76c18ebe98b08fbbda363a50012fe4f8044999b86fd44136bd3d44e2?s=96&d=mm&r=g\",\"contentUrl\":\"https:\\\/\\\/secure.gravatar.com\\\/avatar\\\/f7db1afd76c18ebe98b08fbbda363a50012fe4f8044999b86fd44136bd3d44e2?s=96&d=mm&r=g\",\"caption\":\"Pilar\"},\"sameAs\":[\"https:\\\/\\\/traveltheworldpages.com\\\/es\"],\"url\":\"https:\\\/\\\/traveltheworldpages.com\\\/es\\\/author\\\/admin\\\/\"}]}<\/script>\n<!-- \/ Yoast SEO plugin. -->","yoast_head_json":{"title":"14 MEJORES COSAS QUE HACER Y VER EN MARKEN - TravelTheWorldPages","robots":{"index":"index","follow":"follow","max-snippet":"max-snippet:-1","max-image-preview":"max-image-preview:large","max-video-preview":"max-video-preview:-1"},"canonical":"https:\/\/traveltheworldpages.com\/es\/que-ver-en-marken\/","og_locale":"en_US","og_type":"article","og_title":"14 MEJORES COSAS QUE HACER Y VER EN MARKEN - TravelTheWorldPages","og_description":"Marken is un pueblo cerca de Amsterdam que est\u00e1 conectada a tierra firme por un dique. El pueblo fue en pasado una isla y ahora se le considera una pen\u00ednsula y es uno de mis pueblos favoritos en la zona. Me encanta ir en bicicleta en los d\u00edas de Verano y recorrer sus preciosas calles...","og_url":"https:\/\/traveltheworldpages.com\/es\/que-ver-en-marken\/","og_site_name":"TravelTheWorldPages","article_published_time":"2024-04-09T17:35:03+00:00","article_modified_time":"2024-04-09T17:59:06+00:00","og_image":[{"width":1378,"height":919,"url":"https:\/\/traveltheworldpages.com\/es\/wp-content\/uploads\/2024\/04\/Faro-de-marken.jpg","type":"image\/jpeg"}],"author":"Pilar","twitter_card":"summary_large_image","twitter_misc":{"Written by":"Pilar","Est. reading time":"14 minutes"},"schema":{"@context":"https:\/\/schema.org","@graph":[{"@type":"Article","@id":"https:\/\/traveltheworldpages.com\/es\/que-ver-en-marken\/#article","isPartOf":{"@id":"https:\/\/traveltheworldpages.com\/es\/que-ver-en-marken\/"},"author":{"name":"Pilar","@id":"https:\/\/traveltheworldpages.com\/es\/#\/schema\/person\/2f4544cb5a5eb6e890418f2fdfaad3aa"},"headline":"14 MEJORES COSAS QUE HACER Y VER EN MARKEN","datePublished":"2024-04-09T17:35:03+00:00","dateModified":"2024-04-09T17:59:06+00:00","mainEntityOfPage":{"@id":"https:\/\/traveltheworldpages.com\/es\/que-ver-en-marken\/"},"wordCount":2415,"commentCount":0,"image":{"@id":"https:\/\/traveltheworldpages.com\/es\/que-ver-en-marken\/#primaryimage"},"thumbnailUrl":"https:\/\/i0.wp.com\/traveltheworldpages.com\/es\/wp-content\/uploads\/2024\/04\/Faro-de-marken.jpg?fit=1378%2C919&ssl=1","articleSection":["Pa\u00edses Bajos"],"inLanguage":"en-US","potentialAction":[{"@type":"CommentAction","name":"Comment","target":["https:\/\/traveltheworldpages.com\/es\/que-ver-en-marken\/#respond"]}]},{"@type":"WebPage","@id":"https:\/\/traveltheworldpages.com\/es\/que-ver-en-marken\/","url":"https:\/\/traveltheworldpages.com\/es\/que-ver-en-marken\/","name":"14 MEJORES COSAS QUE HACER Y VER EN MARKEN - TravelTheWorldPages","isPartOf":{"@id":"https:\/\/traveltheworldpages.com\/es\/#website"},"primaryImageOfPage":{"@id":"https:\/\/traveltheworldpages.com\/es\/que-ver-en-marken\/#primaryimage"},"image":{"@id":"https:\/\/traveltheworldpages.com\/es\/que-ver-en-marken\/#primaryimage"},"thumbnailUrl":"https:\/\/i0.wp.com\/traveltheworldpages.com\/es\/wp-content\/uploads\/2024\/04\/Faro-de-marken.jpg?fit=1378%2C919&ssl=1","datePublished":"2024-04-09T17:35:03+00:00","dateModified":"2024-04-09T17:59:06+00:00","author":{"@id":"https:\/\/traveltheworldpages.com\/es\/#\/schema\/person\/2f4544cb5a5eb6e890418f2fdfaad3aa"},"breadcrumb":{"@id":"https:\/\/traveltheworldpages.com\/es\/que-ver-en-marken\/#breadcrumb"},"inLanguage":"en-US","potentialAction":[{"@type":"ReadAction","target":["https:\/\/traveltheworldpages.com\/es\/que-ver-en-marken\/"]}]},{"@type":"ImageObject","inLanguage":"en-US","@id":"https:\/\/traveltheworldpages.com\/es\/que-ver-en-marken\/#primaryimage","url":"https:\/\/i0.wp.com\/traveltheworldpages.com\/es\/wp-content\/uploads\/2024\/04\/Faro-de-marken.jpg?fit=1378%2C919&ssl=1","contentUrl":"https:\/\/i0.wp.com\/traveltheworldpages.com\/es\/wp-content\/uploads\/2024\/04\/Faro-de-marken.jpg?fit=1378%2C919&ssl=1","width":1378,"height":919,"caption":"Faro de Marken"},{"@type":"BreadcrumbList","@id":"https:\/\/traveltheworldpages.com\/es\/que-ver-en-marken\/#breadcrumb","itemListElement":[{"@type":"ListItem","position":1,"name":"Home","item":"https:\/\/traveltheworldpages.com\/es\/"},{"@type":"ListItem","position":2,"name":"14 MEJORES COSAS QUE HACER Y VER EN MARKEN"}]},{"@type":"WebSite","@id":"https:\/\/traveltheworldpages.com\/es\/#website","url":"https:\/\/traveltheworldpages.com\/es\/","name":"TravelTheWorldPages","description":"Viajes culturales y desarollo personal","potentialAction":[{"@type":"SearchAction","target":{"@type":"EntryPoint","urlTemplate":"https:\/\/traveltheworldpages.com\/es\/?s={search_term_string}"},"query-input":{"@type":"PropertyValueSpecification","valueRequired":true,"valueName":"search_term_string"}}],"inLanguage":"en-US"},{"@type":"Person","@id":"https:\/\/traveltheworldpages.com\/es\/#\/schema\/person\/2f4544cb5a5eb6e890418f2fdfaad3aa","name":"Pilar","image":{"@type":"ImageObject","inLanguage":"en-US","@id":"https:\/\/secure.gravatar.com\/avatar\/f7db1afd76c18ebe98b08fbbda363a50012fe4f8044999b86fd44136bd3d44e2?s=96&d=mm&r=g","url":"https:\/\/secure.gravatar.com\/avatar\/f7db1afd76c18ebe98b08fbbda363a50012fe4f8044999b86fd44136bd3d44e2?s=96&d=mm&r=g","contentUrl":"https:\/\/secure.gravatar.com\/avatar\/f7db1afd76c18ebe98b08fbbda363a50012fe4f8044999b86fd44136bd3d44e2?s=96&d=mm&r=g","caption":"Pilar"},"sameAs":["https:\/\/traveltheworldpages.com\/es"],"url":"https:\/\/traveltheworldpages.com\/es\/author\/admin\/"}]}},"jetpack_featured_media_url":"https:\/\/i0.wp.com\/traveltheworldpages.com\/es\/wp-content\/uploads\/2024\/04\/Faro-de-marken.jpg?fit=1378%2C919&ssl=1","jetpack_sharing_enabled":true,"_links":{"self":[{"href":"https:\/\/traveltheworldpages.com\/es\/wp-json\/wp\/v2\/posts\/491","targetHints":{"allow":["GET"]}}],"collection":[{"href":"https:\/\/traveltheworldpages.com\/es\/wp-json\/wp\/v2\/posts"}],"about":[{"href":"https:\/\/traveltheworldpages.com\/es\/wp-json\/wp\/v2\/types\/post"}],"author":[{"embeddable":true,"href":"https:\/\/traveltheworldpages.com\/es\/wp-json\/wp\/v2\/users\/1"}],"replies":[{"embeddable":true,"href":"https:\/\/traveltheworldpages.com\/es\/wp-json\/wp\/v2\/comments?post=491"}],"version-history":[{"count":3,"href":"https:\/\/traveltheworldpages.com\/es\/wp-json\/wp\/v2\/posts\/491\/revisions"}],"predecessor-version":[{"id":512,"href":"https:\/\/traveltheworldpages.com\/es\/wp-json\/wp\/v2\/posts\/491\/revisions\/512"}],"wp:featuredmedia":[{"embeddable":true,"href":"https:\/\/traveltheworldpages.com\/es\/wp-json\/wp\/v2\/media\/493"}],"wp:attachment":[{"href":"https:\/\/traveltheworldpages.com\/es\/wp-json\/wp\/v2\/media?parent=491"}],"wp:term":[{"taxonomy":"category","embeddable":true,"href":"https:\/\/traveltheworldpages.com\/es\/wp-json\/wp\/v2\/categories?post=491"},{"taxonomy":"post_tag","embeddable":true,"href":"https:\/\/traveltheworldpages.com\/es\/wp-json\/wp\/v2\/tags?post=491"}],"curies":[{"name":"wp","href":"https:\/\/api.w.org\/{rel}","templated":true}]}}